{"id":18136,"date":"2015-06-18T11:43:10","date_gmt":"2015-06-18T11:43:10","guid":{"rendered":"http:\/\/www.fg.ull.es\/?p=18136"},"modified":"2015-06-18T11:43:10","modified_gmt":"2015-06-18T11:43:10","slug":"movefab-estara-presente-en-artate-muestra-de-escuelas-artisticas-de-los-realejos-con-su-exposicion","status":"publish","type":"post","link":"https:\/\/fg.ull.es\/hemeroteca\/2015\/06\/18\/movefab-estara-presente-en-artate-muestra-de-escuelas-artisticas-de-los-realejos-con-su-exposicion\/","title":{"rendered":"`MoveFab\u00b4 estar\u00e1 presente en &#039;\u00c1rtaTe&#039;, muestra de Escuelas Art\u00edsticas de Los Realejos, con su exposici\u00f3n"},"content":{"rendered":"<h1>`MoveFab\u00b4 estar\u00e1 presente en &#8216;\u00c1rtaTe&#8217;, muestra de Escuelas Art\u00edsticas de Los Realejos, con su exposici\u00f3n<\/h1>\n<p>&nbsp;<\/p>\n<h4>El proyecto de fomento de la creatividad a trav\u00e9s de la cultura de la fabricaci\u00f3n digital tomar\u00e1 parte en primera edici\u00f3n de esta jornada que mezclar\u00e1 demostraciones art\u00edsticas con diferentes actividades participativas. Ser\u00e1 el pr\u00f3ximo s\u00e1bado 21 de junio en la zona centro de Los Realejos.<\/h4>\n<p>&nbsp;<br \/>\nEl pr\u00f3ximo s\u00e1bado 21 de junio la muestra expositiva<a href=\"http:\/\/www.fg.ull.es\/movefab\/\">`MoveFab\u00b4<\/a> recalar\u00e1 en Los Realejos en el marco de la primera muestra de Arte en la Calle de las Escuelas Art\u00edsticas que se ha englobado bajo la denominaci\u00f3n `\u00c1rtaTe\u00b4.<br \/>\nLa muestra comienza desde las 10\u00a0 la ma\u00f1ana en la Plaza de San Agust\u00edn y la calle de La Alh\u00f3ndiga y habr\u00e1 exposiciones de cer\u00e1mica, pintura, fotograf\u00eda, concursos de v\u00eddeo con el m\u00f3vil, de fotograf\u00eda digital, o de pintura r\u00e1pida. Tambi\u00e9n se podr\u00e1 disfrutar de espect\u00e1culos de bailes de sal\u00f3n, teatro, pulso y p\u00faa y bailes tradicionales y de clases abiertas de teatro, cer\u00e1mica, calado y bordado tradicional.<br \/>\n<a href=\"http:\/\/www.fg.ull.es\/movefab\/\">MoveFab <\/a>participar\u00e1 una exposici\u00f3n de car\u00e1cter interactivo que combina el aprendizaje con dispositivos m\u00f3viles de pantalla t\u00e1ctil, el uso de juegos, el prototipado y la impresi\u00f3n 3D para desarrollar habilidades de visi\u00f3n espacial y de creatividad en los participantes. Concretamente, se trabaja con las din\u00e1micas siguientes:<br \/>\nJuegos de Modelado 3D para la Aproximaci\u00f3n a las Figuras de Revoluci\u00f3n<br \/>\nExpresiones faciales con 123D Sculpt.<br \/>\nConvierte tus fotograf\u00edas en Modelos 3D con 123D Catch.<br \/>\nMoveFab est\u00e1 desarrollado por\u00a0 la Fundaci\u00f3n General de la Universidad de La Laguna con la financiaci\u00f3n del \u00c1rea de Educaci\u00f3n, Juventud e Igualdad del Cabildo de Tenerife y tiene como objetivo explicar de manera f\u00e1cil y entretenida los principales aspectos de la fabricaci\u00f3n digital a trav\u00e9s de impresoras 3D, fomentando as\u00eda las habilidades creativas de sus participantes.<\/p>\n","protected":false},"excerpt":{"rendered":"<p>El proyecto de fomento de la creatividad a trav\u00e9s de la cultura de la fabricaci\u00f3n digital tomar\u00e1 parte en primera edici\u00f3n de esta jornada que mezclar\u00e1 demostraciones art\u00edsticas con diferentes actividades participativas. Ser\u00e1 el pr\u00f3ximo s\u00e1bado 21 de junio en la zona centro de Los Realejos.<\/p>\n","protected":false},"author":1,"featured_media":18137,"comment_status":"closed","ping_status":"closed","sticky":false,"template":"","format":"standard","meta":{"footnotes":""},"categories":[8],"tags":[821,1353,1424],"featured_image_thumbnail_url":"https:\/\/fg.ull.es\/hemeroteca\/wp-content\/uploads\/sites\/14\/2015\/06\/movefabpng-300x211.png","_links":{"self":[{"href":"https:\/\/fg.ull.es\/hemeroteca\/wp-json\/wp\/v2\/posts\/18136"}],"collection":[{"href":"https:\/\/fg.ull.es\/hemeroteca\/wp-json\/wp\/v2\/posts"}],"about":[{"href":"https:\/\/fg.ull.es\/hemeroteca\/wp-json\/wp\/v2\/types\/post"}],"author":[{"embeddable":true,"href":"https:\/\/fg.ull.es\/hemeroteca\/wp-json\/wp\/v2\/users\/1"}],"replies":[{"embeddable":true,"href":"https:\/\/fg.ull.es\/hemeroteca\/wp-json\/wp\/v2\/comments?post=18136"}],"version-history":[{"count":0,"href":"https:\/\/fg.ull.es\/hemeroteca\/wp-json\/wp\/v2\/posts\/18136\/revisions"}],"wp:featuredmedia":[{"embeddable":true,"href":"https:\/\/fg.ull.es\/hemeroteca\/wp-json\/wp\/v2\/media\/18137"}],"wp:attachment":[{"href":"https:\/\/fg.ull.es\/hemeroteca\/wp-json\/wp\/v2\/media?parent=18136"}],"wp:term":[{"taxonomy":"category","embeddable":true,"href":"https:\/\/fg.ull.es\/hemeroteca\/wp-json\/wp\/v2\/categories?post=18136"},{"taxonomy":"post_tag","embeddable":true,"href":"https:\/\/fg.ull.es\/hemeroteca\/wp-json\/wp\/v2\/tags?post=18136"}],"curies":[{"name":"wp","href":"https:\/\/api.w.org\/{rel}","templated":true}]}}