{"id":17884,"date":"2015-04-30T13:02:18","date_gmt":"2015-04-30T13:02:18","guid":{"rendered":"http:\/\/www.fg.ull.es\/?p=17884"},"modified":"2015-04-30T13:02:18","modified_gmt":"2015-04-30T13:02:18","slug":"comienzan-a-impartirse-las-pildoras-formativas-en-el-marco-del-proyecto-emprende-isora","status":"publish","type":"post","link":"https:\/\/fg.ull.es\/hemeroteca\/2015\/04\/30\/comienzan-a-impartirse-las-pildoras-formativas-en-el-marco-del-proyecto-emprende-isora\/","title":{"rendered":"Comienzan a impartirse las p\u00edldoras formativas en el marco del proyecto Emprende.Isora"},"content":{"rendered":"<h1>Comienzan a impartirse las p\u00edldoras formativas en el marco del proyecto Emprende.Isora<\/h1>\n<p>&nbsp;<\/p>\n<h4>La primera sesi\u00f3n se celebrar\u00e1 el pr\u00f3ximo 20 de mayo de 17 a 20 horas en el Centro de Empresas de Gu\u00eda de Isora. Estar\u00e1 dedicada a la gesti\u00f3n del marketing en el punto de venta y correr\u00e1 a cargo de Abraham Guzm\u00e1n y Arturo Marrero, de Factorii Producciones Publicitarias S.L.<\/h4>\n<p>&nbsp;<br \/>\nEl pr\u00f3ximo 20 de mayo comenzar\u00e1 a impartirse el \u201cSemillero\u201d de p\u00edldoras formativas gratuitas del proyecto Emprende.Isora. Esta primera sesi\u00f3n estar\u00e1 dedicada a la gesti\u00f3n del marketing en el punto de venta y se celebrar\u00e1 de 17 a 20 horas en el Centro de Empresa de Gu\u00eda de Isora. Los encargados de impartirla ser\u00e1n Abraham Guzm\u00e1n y Arturo Marrero, de Factorii Producciones Publicitarias S.L.<br \/>\nEsta primera p\u00edldora formativa se denomina \u201cMarketing en tu punto de venta\u201d, y a trav\u00e9s de ella los emprendedores y emprendedoras asistentes aprender\u00e1n herramientas para la organizaci\u00f3n y gesti\u00f3n de los productos, dise\u00f1o interior y exterior, escaparates, gesti\u00f3n de promociones y merchandising. Adem\u00e1s, se utilizar\u00e1n t\u00e9cnicas de marketing para analizar las zonas del establecimiento y conocer c\u00f3mo orientarlas al cliente. Tambi\u00e9n se expondr\u00e1n conceptos como: puntos calientes y fr\u00edos, colores, tipos de luces y distribuci\u00f3n del mobiliario. Con una metodolog\u00eda eminentemente pr\u00e1ctica, las personas asistentes finalizar\u00e1n la sesi\u00f3n dise\u00f1ando su propio local de negocios.<br \/>\nLas p\u00edldoras formativas son un conjunto de acciones gratuitas de tres horas de duraci\u00f3n encaminadas a proporcionar conocimientos pr\u00e1cticos sobre distintas \u00e1reas del negocio. Son actividades complementarias dirigidas tanto a los futuros emprendedores como a empresarios ya consolidados. Son ponencias de contenidos muy pr\u00e1cticos en las que se emplea una metodolog\u00eda experiencial con la intenci\u00f3n de ser \u00fatiles para nuevos y potenciales emprendedores. Est\u00e1n impartidas por profesionales especializados en las tem\u00e1ticas que se tratan en cada sesi\u00f3n.<br \/>\n<b>Emprende.Isora<\/b><br \/>\nEmprende.Isora es un proyecto que surge gracias al a colaboraci\u00f3n entre la Universidad de La Laguna, su Fundaci\u00f3n General y el Ayuntamiento de Gu\u00eda de Isora. Su eje b\u00e1sico es la formaci\u00f3n de potenciales emprendedores a trav\u00e9s de una metodolog\u00eda novedosa que se ha denominado \u201csemillero de empresas\u201d con la que se espera lograr una mejora de la calidad y la consolidaci\u00f3n de las iniciativas empresariales con las que se trabaje. En los pr\u00f3ximos meses se continuar\u00e1n realizando m\u00e1s actividades formativas. Tambi\u00e9n se continuar\u00e1n realizando tutor\u00edas y asesoramientos personalizados.<br \/>\nPara m\u00e1s informaci\u00f3n e inscripci\u00f3n en la p\u00edldora formativa contactar a trav\u00e9s del correo <a href=\"mailto:arodriguez@fg.ull.es\">arodriguez@fg.ull.es<\/a> o del tel\u00e9fono 922 852 136.<br \/>\n<a href=\"https:\/\/sede.fg.ull.es\/es\/emprendimiento\/detalle\/a15040057\/pildora-formativa-marketing-en-tu-punto-de-venta\">(Inscripci\u00f3n aqu\u00ed)<\/a><\/p>\n","protected":false},"excerpt":{"rendered":"<p>La primera sesi\u00f3n se celebrar\u00e1 el pr\u00f3ximo 20 de mayo de 17 a 20 horas en el Centro de Empresas de Gu\u00eda de Isora. Estar\u00e1 dedicada a la gesti\u00f3n del marketing en el punto de venta y correr\u00e1 a cargo de Abraham Guzm\u00e1n y Arturo Marrero, de Factorii Producciones Publicitarias S.L.<\/p>\n","protected":false},"author":1,"featured_media":17885,"comment_status":"closed","ping_status":"closed","sticky":false,"template":"","format":"standard","meta":{"footnotes":""},"categories":[3],"tags":[173,533,541,672,1353,1424],"featured_image_thumbnail_url":"https:\/\/fg.ull.es\/hemeroteca\/wp-content\/uploads\/sites\/14\/2015\/06\/pantalla_1280x720px5-300x169.jpg","_links":{"self":[{"href":"https:\/\/fg.ull.es\/hemeroteca\/wp-json\/wp\/v2\/posts\/17884"}],"collection":[{"href":"https:\/\/fg.ull.es\/hemeroteca\/wp-json\/wp\/v2\/posts"}],"about":[{"href":"https:\/\/fg.ull.es\/hemeroteca\/wp-json\/wp\/v2\/types\/post"}],"author":[{"embeddable":true,"href":"https:\/\/fg.ull.es\/hemeroteca\/wp-json\/wp\/v2\/users\/1"}],"replies":[{"embeddable":true,"href":"https:\/\/fg.ull.es\/hemeroteca\/wp-json\/wp\/v2\/comments?post=17884"}],"version-history":[{"count":0,"href":"https:\/\/fg.ull.es\/hemeroteca\/wp-json\/wp\/v2\/posts\/17884\/revisions"}],"wp:featuredmedia":[{"embeddable":true,"href":"https:\/\/fg.ull.es\/hemeroteca\/wp-json\/wp\/v2\/media\/17885"}],"wp:attachment":[{"href":"https:\/\/fg.ull.es\/hemeroteca\/wp-json\/wp\/v2\/media?parent=17884"}],"wp:term":[{"taxonomy":"category","embeddable":true,"href":"https:\/\/fg.ull.es\/hemeroteca\/wp-json\/wp\/v2\/categories?post=17884"},{"taxonomy":"post_tag","embeddable":true,"href":"https:\/\/fg.ull.es\/hemeroteca\/wp-json\/wp\/v2\/tags?post=17884"}],"curies":[{"name":"wp","href":"https:\/\/api.w.org\/{rel}","templated":true}]}}