{"id":17876,"date":"2015-04-29T12:57:16","date_gmt":"2015-04-29T12:57:16","guid":{"rendered":"http:\/\/www.fg.ull.es\/?p=17876"},"modified":"2015-04-29T12:57:16","modified_gmt":"2015-04-29T12:57:16","slug":"el-servicio-de-idiomas-de-la-universidad-de-la-laguna-presenta-un-concurso-de-fotos-con-el-lema-usa-el-verano-disfruta-la-lengua","status":"publish","type":"post","link":"https:\/\/fg.ull.es\/hemeroteca\/2015\/04\/29\/el-servicio-de-idiomas-de-la-universidad-de-la-laguna-presenta-un-concurso-de-fotos-con-el-lema-usa-el-verano-disfruta-la-lengua\/","title":{"rendered":"El Servicio de Idiomas de la Universidad de La Laguna presenta un concurso de fotos con el lema &#039;Usa el verano&#8230;\u00a1Disfruta la lengua&#039;"},"content":{"rendered":"<h1>El Servicio de Idiomas de la Universidad de La Laguna presenta un concurso de fotos con el lema &#8216;Usa el verano&#8230;\u00a1Disfruta la lengua&#8217;<\/h1>\n<p>&nbsp;<\/p>\n<h4>Las personas que deseen participar deber\u00e1n sacarse una foto utilizando los displays en forma de siluetas sin cabeza que se han instalado en el hall de la facultad de Econom\u00eda, Empresa y Turismo y en el pasillo del aulario del Servicio de Idiomas. A trav\u00e9s de la participaci\u00f3n entrar\u00e1n en el sorteo de dos cursos de idiomas.<\/h4>\n<p>&nbsp;<br \/>\nDe cara a la apertura de sus cursos de verano, el Servicio de Idiomas de la ULL ha organizado un concurso de fotograf\u00edas a trav\u00e9s de la <a href=\"https:\/\/www.facebook.com\/FundacionULL\">red social Facebook<\/a>. La participaci\u00f3n est\u00e1 abierta a cualquier persona (excepto trabajadores de la Fundaci\u00f3n y sus familiares directos) y consiste en la toma de una fotograf\u00eda `poniendo cara\u00b4 a las siluetas instaladas en la facultad de Econom\u00eda, Empresa y Turismo y en el pasillo del aulario del Servicio de Idiomas. Una vez sacada, la foto se ha de cargar en la aplicaci\u00f3n de Facebook para tal fin y, de forma inmediata, entrar\u00e1 en el sorteo de dos cursos de idiomas a disfrutar en el periodo veraniego o en el primer cuatrimestre del pr\u00f3ximo curso acad\u00e9mico.<br \/>\nEl concurso se inicia hoy, 29 de abril, y se cerrar\u00e1 el pr\u00f3ximo 22 de mayo. Adem\u00e1s, el <i>display<\/i> se ir\u00e1 moviendo de lugar durante el transcurso del concurso, indicando siempre su ubicaci\u00f3n a trav\u00e9s de las redes sociales de la Fundaci\u00f3n. Otro detalle del concurso es que en la foto deber\u00e1n aparecer los rostros de dos personas (la que registre la foto y otra) utilizando el <i>display<\/i> y deber\u00e1n aparecer sacando las lenguas.<br \/>\nEntre las personas que participen se sortear\u00e1n dos cursos de idiomas (de cualquier idioma y cualquier modalidad, a elegir por la persona ganadora, siempre que disponga de plazas vacantes) en el Servicio de Idiomas de la Universidad de La Laguna (uno por persona ganadora) que podr\u00e1n realizarse tanto en el periodo de verano como durante el primer cuatrimestre del curso acad\u00e9mico 2015\/16.<br \/>\n<a href=\"https:\/\/basicfront.easypromosapp.com\/p\/190564?lc=es-es\">M\u00e1s informaci\u00f3n y bases del concurso aqu\u00ed.<\/a><\/p>\n","protected":false},"excerpt":{"rendered":"<p>Las personas que deseen participar deber\u00e1n sacarse una foto utilizando los displays en forma de siluetas sin cabeza que se han instalado en el hall de la facultad de Econom\u00eda, Empresa y Turismo y en el pasillo del aulario del Servicio de Idiomas. A trav\u00e9s de la participaci\u00f3n entrar\u00e1n en el sorteo de dos cursos de idiomas.<\/p>\n","protected":false},"author":1,"featured_media":17841,"comment_status":"closed","ping_status":"closed","sticky":false,"template":"","format":"standard","meta":{"footnotes":""},"categories":[5],"tags":[173,672,780,1286,1353,1424],"featured_image_thumbnail_url":"https:\/\/fg.ull.es\/hemeroteca\/wp-content\/uploads\/sites\/14\/2015\/06\/concurso_foto_1280x720px-300x169.jpg","_links":{"self":[{"href":"https:\/\/fg.ull.es\/hemeroteca\/wp-json\/wp\/v2\/posts\/17876"}],"collection":[{"href":"https:\/\/fg.ull.es\/hemeroteca\/wp-json\/wp\/v2\/posts"}],"about":[{"href":"https:\/\/fg.ull.es\/hemeroteca\/wp-json\/wp\/v2\/types\/post"}],"author":[{"embeddable":true,"href":"https:\/\/fg.ull.es\/hemeroteca\/wp-json\/wp\/v2\/users\/1"}],"replies":[{"embeddable":true,"href":"https:\/\/fg.ull.es\/hemeroteca\/wp-json\/wp\/v2\/comments?post=17876"}],"version-history":[{"count":0,"href":"https:\/\/fg.ull.es\/hemeroteca\/wp-json\/wp\/v2\/posts\/17876\/revisions"}],"wp:featuredmedia":[{"embeddable":true,"href":"https:\/\/fg.ull.es\/hemeroteca\/wp-json\/wp\/v2\/media\/17841"}],"wp:attachment":[{"href":"https:\/\/fg.ull.es\/hemeroteca\/wp-json\/wp\/v2\/media?parent=17876"}],"wp:term":[{"taxonomy":"category","embeddable":true,"href":"https:\/\/fg.ull.es\/hemeroteca\/wp-json\/wp\/v2\/categories?post=17876"},{"taxonomy":"post_tag","embeddable":true,"href":"https:\/\/fg.ull.es\/hemeroteca\/wp-json\/wp\/v2\/tags?post=17876"}],"curies":[{"name":"wp","href":"https:\/\/api.w.org\/{rel}","templated":true}]}}