{"id":17872,"date":"2015-04-29T12:46:54","date_gmt":"2015-04-29T12:46:54","guid":{"rendered":"http:\/\/www.fg.ull.es\/?p=17872"},"modified":"2015-04-29T12:46:54","modified_gmt":"2015-04-29T12:46:54","slug":"un-equipo-de-mentores-expertos-en-startups-asesorara-a-las-personas-participantes-en-el-proyecto-launchtf","status":"publish","type":"post","link":"https:\/\/fg.ull.es\/hemeroteca\/2015\/04\/29\/un-equipo-de-mentores-expertos-en-startups-asesorara-a-las-personas-participantes-en-el-proyecto-launchtf\/","title":{"rendered":"Un equipo de mentores expertos en startups asesorar\u00e1 a las personas participantes en el proyecto &#039;launchTF&#039;"},"content":{"rendered":"<h1>Un equipo de mentores expertos en startups asesorar\u00e1 a las personas participantes en el proyecto &#8216;launchTF&#8217;<\/h1>\n<h4><\/h4>\n<h4>El grupo de mentores est\u00e1 compuesto actualmente por nueve expertos en startups del \u00e1mbito local, nacional e internacional. En las pr\u00f3ximas semanas se ir\u00e1 aumentando la lista. Los mentores ser\u00e1n los encargados de proporcionar claves a los participantes para desarrollar su idea de negocio e incrementar sus posibilidades de \u00e9xito al solicitar una plaza en una aceleradora de prestigio.<\/h4>\n<p>&nbsp;<br \/>\nEl proyecto `launchTF\u00b4 de pre-aceleraci\u00f3n y consolidaci\u00f3n de proyectos empresariales o startups se present\u00f3 la semana pasada y mantiene abierto su periodo de inscripci\u00f3n hasta el 17 de mayo. Esta iniciativa est\u00e1 dirigida a todas aquellas personas que est\u00e9n trabajando en proyectos empresariales TIC. La particularidad de este programa es que se trabajar\u00e1 de manera individualizada con los participantes para madurar sus modelos de negocio, centrando el foco en construir y validar el mismo y en construir un MVP o prototipo funcional.<br \/>\nAs\u00ed, durante todo el desarrollo del programa, y sobre todo en la primera fase de pre-aceleraci\u00f3n, las personas participantes contar\u00e1n con formaci\u00f3n especializada, talleres y apoyo de mentores expertos de \u00e1mbito local, nacional e internacional, que les proporcionar\u00e1n las claves para desarrollar la idea de negocio e incrementar las posibilidades de \u00e9xito al solicitar una plaza en una aceleradora de prestigio. Adem\u00e1s, cada uno de los proyectos contar\u00e1 con una bolsa de horas de mentor\u00eda individual adaptada a sus diferentes perfiles, para consultas personalizadas y para el desarrollo \u00f3ptimo de la estrategia de negocio del proyecto.<br \/>\nEl equipo de mentores est\u00e1 conformado actualmente por nueve emprendedores que han lanzado sus propios proyectos, han generado sus propias redes de contactos y pueden compartir su experiencia con los participantes. En las pr\u00f3ximas semanas la lista de mentores se ir\u00e1 ampliando.<br \/>\nEntre los mentores que acompa\u00f1ar\u00e1n y asesorar\u00e1n a los participantes de `launchTF\u00b4 se encuentran: Rafa Torres, ingeniero inform\u00e1tico convertido a director t\u00e9cnico en marketing; David Mac\u00edas, M\u00e1ster en Comunicaci\u00f3n y Marketing en Escoex; Igor Modino, socio CTO de la Startup eSportics, socio fundador y CTO de Darma Projects, empresa ganadora de TFInnova 2014; Tim Delhaes, emprendedor con m\u00e1s de 15 a\u00f1os de experiencia en tecnolog\u00eda, redes y desarrollo de negocios y consultor para organizaciones como Microsoft, GTZ y el anterior presidente de Chile; o Arturo Calvo, ingeniero inform\u00e1tico que ha trabajado para multinacionales y organizaciones en cinco pa\u00edses.<br \/>\nCompletan el cartel de mentores hasta el momento: Guillermo Marqueta Siibert, director de Fundaci\u00f3n Inlea dedicada a la formaci\u00f3n y acompa\u00f1amiento de personas con ideas de negocio de base tecnol\u00f3gica a trav\u00e9s de varios programas como Linktostart; Lavin Luis, CEO de Beezzing, una plataforma de env\u00edo masivo de mensajes a trav\u00e9s de aplicaciones de mensajer\u00eda instant\u00e1nea; Miguel de Vega Rodrigo, doctor en Telecomunicaciones por la Universidad Libre de Bruselas y co-fundador de Dialective, una empresa que acerca el marketing digital a las PYMEs; y Tanja Ovaska, dos m\u00e1sters, dos carreras y m\u00e1s de 13 a\u00f1os de experiencia profesional en 7 pa\u00edses diferentes.<br \/>\n<a href=\"http:\/\/fg.ull.es\/launchtf\/\">(M\u00e1s informaci\u00f3n e inscripci\u00f3n aqu\u00ed)<\/a><\/p>\n","protected":false},"excerpt":{"rendered":"<p>El grupo de mentores est\u00e1 compuesto actualmente por nueve expertos en startups del \u00e1mbito local, nacional e internacional. En las pr\u00f3ximas semanas se ir\u00e1 aumentando la lista. Los mentores ser\u00e1n los encargados de proporcionar claves a los participantes para desarrollar su idea de negocio e incrementar sus posibilidades de \u00e9xito al solicitar una plaza en una aceleradora de prestigio.<\/p>\n","protected":false},"author":1,"featured_media":17873,"comment_status":"closed","ping_status":"closed","sticky":false,"template":"","format":"standard","meta":{"footnotes":""},"categories":[8],"tags":[173,181,533,541,821,1353,1424],"featured_image_thumbnail_url":"https:\/\/fg.ull.es\/hemeroteca\/wp-content\/uploads\/sites\/14\/2015\/06\/pantalla_1280x720px3-300x169.jpg","_links":{"self":[{"href":"https:\/\/fg.ull.es\/hemeroteca\/wp-json\/wp\/v2\/posts\/17872"}],"collection":[{"href":"https:\/\/fg.ull.es\/hemeroteca\/wp-json\/wp\/v2\/posts"}],"about":[{"href":"https:\/\/fg.ull.es\/hemeroteca\/wp-json\/wp\/v2\/types\/post"}],"author":[{"embeddable":true,"href":"https:\/\/fg.ull.es\/hemeroteca\/wp-json\/wp\/v2\/users\/1"}],"replies":[{"embeddable":true,"href":"https:\/\/fg.ull.es\/hemeroteca\/wp-json\/wp\/v2\/comments?post=17872"}],"version-history":[{"count":0,"href":"https:\/\/fg.ull.es\/hemeroteca\/wp-json\/wp\/v2\/posts\/17872\/revisions"}],"wp:featuredmedia":[{"embeddable":true,"href":"https:\/\/fg.ull.es\/hemeroteca\/wp-json\/wp\/v2\/media\/17873"}],"wp:attachment":[{"href":"https:\/\/fg.ull.es\/hemeroteca\/wp-json\/wp\/v2\/media?parent=17872"}],"wp:term":[{"taxonomy":"category","embeddable":true,"href":"https:\/\/fg.ull.es\/hemeroteca\/wp-json\/wp\/v2\/categories?post=17872"},{"taxonomy":"post_tag","embeddable":true,"href":"https:\/\/fg.ull.es\/hemeroteca\/wp-json\/wp\/v2\/tags?post=17872"}],"curies":[{"name":"wp","href":"https:\/\/api.w.org\/{rel}","templated":true}]}}