{"id":17869,"date":"2015-04-28T12:45:13","date_gmt":"2015-04-28T12:45:13","guid":{"rendered":"http:\/\/www.fg.ull.es\/?p=17869"},"modified":"2015-04-28T12:45:13","modified_gmt":"2015-04-28T12:45:13","slug":"las-entidades-de-empleo-en-red-la-laguna-fortalecen-sus-lineas-de-actuacion-para-mejorar-el-acceso-de-los-laguneros-al-empleo","status":"publish","type":"post","link":"https:\/\/fg.ull.es\/hemeroteca\/2015\/04\/28\/las-entidades-de-empleo-en-red-la-laguna-fortalecen-sus-lineas-de-actuacion-para-mejorar-el-acceso-de-los-laguneros-al-empleo\/","title":{"rendered":"Las entidades de &#039;Empleo en Red La Laguna&#039; fortalecen sus l\u00edneas de actuaci\u00f3n para mejorar el acceso de los laguneros al empleo"},"content":{"rendered":"<h1>Las entidades de &#8216;Empleo en Red La Laguna&#8217; fortalecen sus l\u00edneas de actuaci\u00f3n para mejorar el acceso de los laguneros al empleo<\/h1>\n<p>&nbsp;<\/p>\n<h4>La plataforma analiza el avance de su trabajo en los \u00faltimos a\u00f1os, en un encuentro organizado por la Concejal\u00eda de Promoci\u00f3n y Desarrollo Local de La Laguna.<\/h4>\n<p>&nbsp;<\/p>\n<div>\n<div>\nLa plataforma Empleo en Red La Laguna, impulsada por la Concejal\u00eda de Promoci\u00f3n y Desarrollo Local de La Laguna, y conformada por un amplio n\u00famero de entidades comprometidas con la empleabilidad y la inserci\u00f3n laboral en el municipio, ha hecho balance del trabajo realizado en estos \u00faltimos dos a\u00f1os y medio, haciendo especial hincapi\u00e9 en las tres l\u00edneas de actuaci\u00f3n en las que se organizan las personas vinculadas con el desarrollo de dicha Red de cara a fortalecer algunas l\u00edneas de actuaci\u00f3n que permitan mejorar el acceso de los laguneros y laguneras al empleo.<br \/>\nEn el marco de la primera de ellas, se analiz\u00f3 la labor que se viene realizando de identificaci\u00f3n y catalogaci\u00f3n de los servicios y recursos de que dispone cada una de las entidades participantes, con el objetivo de identificar los instrumentos que permitan su optimizaci\u00f3n conjunta y, especialmente, una mayor visibilidad social de los mismos. Este trabajo tambi\u00e9n fortalecer\u00e1 la coordinaci\u00f3n y cooperaci\u00f3n entre entidades, favoreciendo el desarrollo de iniciativas y proyectos con perspectiva de red en un futuro inmediato.<br \/>\nLa segunda l\u00ednea de actuaci\u00f3n contempla la realizaci\u00f3n de un estudio interdisciplinar sobre \u2018Detecci\u00f3n de necesidades formativas\u2019, en el marco de un trabajo m\u00e1s amplio cuyo fin es configurar un diagn\u00f3stico municipal de la realidad sociolaboral. Para ello, se est\u00e1 dise\u00f1ando un seminario con especialistas a celebrar en el mes de septiembre, con el objetivo de incorporar aportaciones cualificadas desde distintos \u00e1mbitos vinculados con el empleo y la formaci\u00f3n.<br \/>\nPor \u00faltimo, se ha proyectado la idea de celebrar diferentes actividades informativas y formativas durante el presente a\u00f1o. En primer lugar, una de car\u00e1cter m\u00e1s interno en el mes de junio, con el fin de encontrar oportunidades de financiaci\u00f3n europea para la realizaci\u00f3n de proyectos conjuntos. En segundo t\u00e9rmino, se ha previsto para este 2015 la realizaci\u00f3n de unas jornadas de difusi\u00f3n e intercambio del trabajo llevado a cabo.<br \/>\nEn este encuentro, la plataforma aprovech\u00f3 la ocasi\u00f3n para realizar una valoraci\u00f3n de la etapa de planteamiento y consolidaci\u00f3n inicial de la Red. Treinta meses despu\u00e9s de la primera reuni\u00f3n convocada, todos los miembros coincidieron en destacar que la experiencia conjunta est\u00e1 siendo un \u00e9xito, subrayando su car\u00e1cter horizontal y el compromiso de las entidades participantes, de modo que parece asegurada su sostenibilidad y actividad en el tiempo<br \/>\nEn esta fase de desarrollo de la plataforma vienen participando profesionales y t\u00e9cnicos vinculados con la Asociaci\u00f3n Mercedes Machado para el Desarrollo Integral de las Mujeres, C\u00e1ritas Diocesana, Coordinadora de Organizaciones de Agricultores y Ganaderos COAG Canarias, Cruz Roja Espa\u00f1ola, Fundaci\u00f3n Ataretaco, Fundaci\u00f3n General de la Universidad de La Laguna, Fundaci\u00f3n Laboral de la Construcci\u00f3n, Fundaci\u00f3n Proyecto Don Bosco, Servicio Canario de Empleo (Oficina de Empleo de San Crist\u00f3bal de La Laguna), Universidad de La Laguna, Universidad Nacional de Educaci\u00f3n a Distancia UNED y del proyecto \u2018Barrios por el Empleo\u2019, junto al personal del Gabinete de Desarrollo Local del Ayuntamiento de San Crist\u00f3bal de La Laguna. Asimismo, en la sesi\u00f3n anterior, se incorpor\u00f3 la Coordinadora de Personas con Discapacidad F\u00edsicas de Canarias.<br \/>\n*Nota de prensa y fotograf\u00eda cedidas por el gabinete de comunicaci\u00f3n del Ayto. de La Laguna\n<\/div>\n<\/div>\n","protected":false},"excerpt":{"rendered":"<p>La plataforma analiza el avance de su trabajo en los \u00faltimos a\u00f1os, en un encuentro organizado por la Concejal\u00eda de Promoci\u00f3n y Desarrollo Local de La Laguna.<\/p>\n","protected":false},"author":1,"featured_media":17870,"comment_status":"closed","ping_status":"closed","sticky":false,"template":"","format":"standard","meta":{"footnotes":""},"categories":[3],"tags":[518,671,1353],"featured_image_thumbnail_url":"https:\/\/fg.ull.es\/hemeroteca\/wp-content\/uploads\/sites\/14\/2015\/06\/miembros_de_empleo_en_redjpg-300x225.jpg","_links":{"self":[{"href":"https:\/\/fg.ull.es\/hemeroteca\/wp-json\/wp\/v2\/posts\/17869"}],"collection":[{"href":"https:\/\/fg.ull.es\/hemeroteca\/wp-json\/wp\/v2\/posts"}],"about":[{"href":"https:\/\/fg.ull.es\/hemeroteca\/wp-json\/wp\/v2\/types\/post"}],"author":[{"embeddable":true,"href":"https:\/\/fg.ull.es\/hemeroteca\/wp-json\/wp\/v2\/users\/1"}],"replies":[{"embeddable":true,"href":"https:\/\/fg.ull.es\/hemeroteca\/wp-json\/wp\/v2\/comments?post=17869"}],"version-history":[{"count":0,"href":"https:\/\/fg.ull.es\/hemeroteca\/wp-json\/wp\/v2\/posts\/17869\/revisions"}],"wp:featuredmedia":[{"embeddable":true,"href":"https:\/\/fg.ull.es\/hemeroteca\/wp-json\/wp\/v2\/media\/17870"}],"wp:attachment":[{"href":"https:\/\/fg.ull.es\/hemeroteca\/wp-json\/wp\/v2\/media?parent=17869"}],"wp:term":[{"taxonomy":"category","embeddable":true,"href":"https:\/\/fg.ull.es\/hemeroteca\/wp-json\/wp\/v2\/categories?post=17869"},{"taxonomy":"post_tag","embeddable":true,"href":"https:\/\/fg.ull.es\/hemeroteca\/wp-json\/wp\/v2\/tags?post=17869"}],"curies":[{"name":"wp","href":"https:\/\/api.w.org\/{rel}","templated":true}]}}