{"id":17860,"date":"2015-04-28T12:22:50","date_gmt":"2015-04-28T12:22:50","guid":{"rendered":"http:\/\/www.fg.ull.es\/?p=17860"},"modified":"2015-04-28T12:22:50","modified_gmt":"2015-04-28T12:22:50","slug":"la-fundacion-general-de-la-universidad-de-la-laguna-publica-la-memoria-que-recoge-la-actividad-del-ano-2014","status":"publish","type":"post","link":"https:\/\/fg.ull.es\/hemeroteca\/2015\/04\/28\/la-fundacion-general-de-la-universidad-de-la-laguna-publica-la-memoria-que-recoge-la-actividad-del-ano-2014\/","title":{"rendered":"La Fundaci\u00f3n General de la Universidad de La Laguna publica la memoria que recoge la actividad del a\u00f1o 2014"},"content":{"rendered":"<h1>La Fundaci\u00f3n General de la Universidad de La Laguna publica la memoria que recoge la actividad del a\u00f1o 2014<\/h1>\n<p>&nbsp;<\/p>\n<h4>El documento, junto con la auditor\u00eda de cuentas, est\u00e1 disponible para su consulta.<\/h4>\n<p>&nbsp;<br \/>\nLa Fundaci\u00f3n General de la Universidad de La Laguna hace p\u00fablica su <a href=\"http:\/\/issuu.com\/fundaciongeneralull\/docs\/memoriaactividadesfgull_2014\/1\">memoria de actividades del a\u00f1o 2014<\/a>. El documento se puede consultar en la p\u00e1gina web de la Fundaci\u00f3n junto con la `<a href=\"http:\/\/www.fg.ull.es\/public\/docs\/1755_gj_informe_de_auditoria_2014_2.pdf\">auditor\u00eda de cuentas<\/a>\u00b4 que ya estaba disponible con anterioridad.\u00a0 Ambos documentos fueron aprobados por el Patronato de la Fundaci\u00f3n en su \u00faltima reuni\u00f3n ordinaria.<br \/>\nSe trata de un documento clave ya que es el instrumento principal para que la sociedad canaria, destinataria final de las actividades de la Fundaci\u00f3n, pueda conocer de primera mano los programas y proyectos desarrollados por la entidad y los resultados obtenidos.<br \/>\nAunque la memoria de actividades es un informe que se debe realizar de forma obligatoria por todas las Fundaciones, la Fundaci\u00f3n General de la ULL lo considera clave para su ejercicio de transparencia que en los \u00faltimos a\u00f1os se ha tomado como prioritario. Por ello, se ha mejorado tanto a nivel formal como de contenido con el objetivo de facilitar y motivar su consulta. Adem\u00e1s, como ya se hizo en 2013, en las pr\u00f3ximas semanas se publicar\u00e1 un extracto de la misma que recoger\u00e1 \u00fanicamente estad\u00edsticas e indicadores.<br \/>\nEl contenido est\u00e1 ordenado en funci\u00f3n de las \u00c1reas en las que est\u00e1 estructurada la Fundaci\u00f3n. Adem\u00e1s, a forma de pr\u00f3logo, se recoge un escrito de Eduardo Dom\u00e9nech, rector de la ULL y presidente del Patronato de la Fundaci\u00f3n, que bajo el t\u00edtulo `Cada a\u00f1o m\u00e1s cerca de la sociedad, cada a\u00f1o m\u00e1s cerca de las metas de la Universidad\u00b4 valora los principales hitos de 2014.<br \/>\n<a href=\"http:\/\/issuu.com\/fundaciongeneralull\/docs\/memoriaactividadesfgull_2014\/1\">Consulta la memoria aqu\u00ed<\/a><\/p>\n","protected":false},"excerpt":{"rendered":"<p>El documento, junto con la auditor\u00eda de cuentas, est\u00e1 disponible para su consulta. <\/p>\n","protected":false},"author":1,"featured_media":17862,"comment_status":"closed","ping_status":"closed","sticky":false,"template":"","format":"standard","meta":{"footnotes":""},"categories":[6],"tags":[173,1353,1424],"featured_image_thumbnail_url":"https:\/\/fg.ull.es\/hemeroteca\/wp-content\/uploads\/sites\/14\/2015\/06\/memoria_de_actividades_2014jpg-300x76.jpg","_links":{"self":[{"href":"https:\/\/fg.ull.es\/hemeroteca\/wp-json\/wp\/v2\/posts\/17860"}],"collection":[{"href":"https:\/\/fg.ull.es\/hemeroteca\/wp-json\/wp\/v2\/posts"}],"about":[{"href":"https:\/\/fg.ull.es\/hemeroteca\/wp-json\/wp\/v2\/types\/post"}],"author":[{"embeddable":true,"href":"https:\/\/fg.ull.es\/hemeroteca\/wp-json\/wp\/v2\/users\/1"}],"replies":[{"embeddable":true,"href":"https:\/\/fg.ull.es\/hemeroteca\/wp-json\/wp\/v2\/comments?post=17860"}],"version-history":[{"count":0,"href":"https:\/\/fg.ull.es\/hemeroteca\/wp-json\/wp\/v2\/posts\/17860\/revisions"}],"wp:featuredmedia":[{"embeddable":true,"href":"https:\/\/fg.ull.es\/hemeroteca\/wp-json\/wp\/v2\/media\/17862"}],"wp:attachment":[{"href":"https:\/\/fg.ull.es\/hemeroteca\/wp-json\/wp\/v2\/media?parent=17860"}],"wp:term":[{"taxonomy":"category","embeddable":true,"href":"https:\/\/fg.ull.es\/hemeroteca\/wp-json\/wp\/v2\/categories?post=17860"},{"taxonomy":"post_tag","embeddable":true,"href":"https:\/\/fg.ull.es\/hemeroteca\/wp-json\/wp\/v2\/tags?post=17860"}],"curies":[{"name":"wp","href":"https:\/\/api.w.org\/{rel}","templated":true}]}}