{"id":17857,"date":"2015-04-28T12:19:40","date_gmt":"2015-04-28T12:19:40","guid":{"rendered":"http:\/\/www.fg.ull.es\/?p=17857"},"modified":"2015-04-28T12:19:40","modified_gmt":"2015-04-28T12:19:40","slug":"la-inscripcion-para-el-servicio-de-orientacion-laboral-itinera-continua-abierta","status":"publish","type":"post","link":"https:\/\/fg.ull.es\/hemeroteca\/2015\/04\/28\/la-inscripcion-para-el-servicio-de-orientacion-laboral-itinera-continua-abierta\/","title":{"rendered":"La inscripci\u00f3n para el Servicio de Orientaci\u00f3n Laboral Itinera contin\u00faa abierta"},"content":{"rendered":"<h1>La inscripci\u00f3n para el Servicio de Orientaci\u00f3n Laboral Itinera contin\u00faa abierta<\/h1>\n<h4><\/h4>\n<h4>Este programa de orientaci\u00f3n laboral gratuito atendi\u00f3 a 1.790 personas durante el a\u00f1o 2014 y el primer trimestre de 2015. La inscripci\u00f3n contin\u00faa abierta y se puede solicitar cita a trav\u00e9s de la sede electr\u00f3nica de la Fundaci\u00f3n.<\/h4>\n<p>&nbsp;<br \/>\nEl programa de orientaci\u00f3n laboral <i>Itinera<\/i> atendi\u00f3 a 1.790 personas durante el a\u00f1o 2014 y el primer trimestre de 2015. Itinera es un servicio gratuito que se encuentra enmarcado dentro del Plan Universitario de Empleo 2015\/2016 y est\u00e1 dirigido a estudiantes, titulados\/as universitarios y de ciclos formativos y personas con certificado de profesionalidad. Las personas interesadas en formalizar la inscripci\u00f3n para este servicio pueden hacerlo a trav\u00e9s de la sede electr\u00f3nica de la Fundaci\u00f3n General de la ULL, acudiendo de manera presencial al \u00c1rea de Empleo de la Fundaci\u00f3n o a las oficinas de empleo para ser derivadas.<br \/>\nEl objetivo de <i>Itinera <\/i>es mejorar la empleabilidad de las personas beneficiarias a trav\u00e9s de una entrevista inicial y de un itinerario personalizado de inserci\u00f3n. Este itinerario se estructura mediante una serie de cinco talleres pr\u00e1cticos, de los cuales se deber\u00e1 realizar un m\u00ednimo de tres, con tem\u00e1ticas que van desde el dise\u00f1o de un proyecto profesional, la elaboraci\u00f3n del curr\u00edculum vitae y cartas de presentaci\u00f3n o la comunicaci\u00f3n en el entorno laboral. Tambi\u00e9n se aportan consejos para afrontar una entrevista de trabajo y las diferentes pruebas con que se pueden encontrar los aspirantes durante un proceso de selecci\u00f3n. Por \u00faltimo, se llevar\u00e1 a cabo una \u201cvaloraci\u00f3n final\u201d cuyo fin es conocer si la persona a la que se le ha propuesto un itinerario personalizado de inserci\u00f3n ha logrado el objetivo propuesto, mejorando de este modo su nivel de empleabilidad.<br \/>\nEl servicio de orientaci\u00f3n laboral se materializa en el desarrollo del proyecto <i>Itinera<\/i>. Estas acciones est\u00e1n enmarcadas se enmarca dentro del Plan Universitario de Empleo 2015-2016. La gesti\u00f3n corre a cargo de la Fundaci\u00f3n General de la Universidad de La Laguna con la colaboraci\u00f3n de la Universidad de La Laguna.<br \/>\n<a href=\"http:\/\/www.fg.ull.es\/es\/proyecto\/orientateull\/3\/3\/\">(M\u00e1s informaci\u00f3n y requisitos de acceso aqu\u00ed)<\/a><br \/>\n<a href=\"https:\/\/sede.fg.ull.es\/es\/orientacion\/detalle\/a15040003\/solicitud-de-matricula-itinera-2015-2016\">(Solicitud de matr\u00edcula aqu\u00ed)<\/a><\/p>\n","protected":false},"excerpt":{"rendered":"<p>Este programa de orientaci\u00f3n laboral gratuito atendi\u00f3 a 1.790 personas durante el a\u00f1o 2014 y el primer trimestre de 2015. La inscripci\u00f3n contin\u00faa abierta y se puede solicitar cita a trav\u00e9s de la sede electr\u00f3nica de la Fundaci\u00f3n.<\/p>\n","protected":false},"author":1,"featured_media":17858,"comment_status":"closed","ping_status":"closed","sticky":false,"template":"","format":"standard","meta":{"footnotes":""},"categories":[3],"tags":[173,671,672,1079,1353,1424],"featured_image_thumbnail_url":"https:\/\/fg.ull.es\/hemeroteca\/wp-content\/uploads\/sites\/14\/2015\/06\/uno_de_los_tecnicos_del_servicio_de_orientacion_laboral_itinera_impartiendo_una_sesion_motivacional_en_la_ulljpg-300x201.jpg","_links":{"self":[{"href":"https:\/\/fg.ull.es\/hemeroteca\/wp-json\/wp\/v2\/posts\/17857"}],"collection":[{"href":"https:\/\/fg.ull.es\/hemeroteca\/wp-json\/wp\/v2\/posts"}],"about":[{"href":"https:\/\/fg.ull.es\/hemeroteca\/wp-json\/wp\/v2\/types\/post"}],"author":[{"embeddable":true,"href":"https:\/\/fg.ull.es\/hemeroteca\/wp-json\/wp\/v2\/users\/1"}],"replies":[{"embeddable":true,"href":"https:\/\/fg.ull.es\/hemeroteca\/wp-json\/wp\/v2\/comments?post=17857"}],"version-history":[{"count":0,"href":"https:\/\/fg.ull.es\/hemeroteca\/wp-json\/wp\/v2\/posts\/17857\/revisions"}],"wp:featuredmedia":[{"embeddable":true,"href":"https:\/\/fg.ull.es\/hemeroteca\/wp-json\/wp\/v2\/media\/17858"}],"wp:attachment":[{"href":"https:\/\/fg.ull.es\/hemeroteca\/wp-json\/wp\/v2\/media?parent=17857"}],"wp:term":[{"taxonomy":"category","embeddable":true,"href":"https:\/\/fg.ull.es\/hemeroteca\/wp-json\/wp\/v2\/categories?post=17857"},{"taxonomy":"post_tag","embeddable":true,"href":"https:\/\/fg.ull.es\/hemeroteca\/wp-json\/wp\/v2\/tags?post=17857"}],"curies":[{"name":"wp","href":"https:\/\/api.w.org\/{rel}","templated":true}]}}