{"id":17840,"date":"2015-04-28T09:09:11","date_gmt":"2015-04-28T09:09:11","guid":{"rendered":"http:\/\/www.fg.ull.es\/?p=17840"},"modified":"2015-04-28T09:09:11","modified_gmt":"2015-04-28T09:09:11","slug":"el-servicio-de-idiomas-de-la-ull-presentara-manana-un-concurso-de-fotos-en-redes-sociales","status":"publish","type":"post","link":"https:\/\/fg.ull.es\/hemeroteca\/2015\/04\/28\/el-servicio-de-idiomas-de-la-ull-presentara-manana-un-concurso-de-fotos-en-redes-sociales\/","title":{"rendered":"El Servicio de Idiomas de la ULL presentar\u00e1 ma\u00f1ana un concurso de fotos en redes sociales"},"content":{"rendered":"<h1>El Servicio de Idiomas de la ULL presentar\u00e1 ma\u00f1ana un concurso de fotos en redes sociales<\/h1>\n<p>&nbsp;<\/p>\n<h4>Las caracter\u00edsticas del concurso se desvelar\u00e1n ma\u00f1ana. Las personas que participen entrar\u00e1n en el sorteo de dos cursos de idiomas.<\/h4>\n<p>&nbsp;<br \/>\nDentro de la campa\u00f1a de verano del Servicio de Idiomas de la Universidad de La Laguna, con el lema <i>Usa el verano \u00a1Disfruta la lengua! <\/i>ma\u00f1ana arrancar\u00e1 un concurso de fotos que promete ser divertido y participativo.<br \/>\nLas personas que participen en esta iniciativa entrar\u00e1n en el sorteo directo de dos cursos de idiomas que se podr\u00e1n realizar en verano o durante el primer cuatrimestre del pr\u00f3ximo curso.<br \/>\nLa programaci\u00f3n de cursos de verano del Servicio de Idiomas de la ULL <a href=\"http:\/\/fg.ull.es\/idiomas\/cursos-de-verano\/\">ya est\u00e1 disponible aqu\u00ed.<\/a><\/p>\n","protected":false},"excerpt":{"rendered":"<p>Las caracter\u00edsticas del concurso se desvelar\u00e1n ma\u00f1ana. Las personas que participen entrar\u00e1n en el sorteo de dos cursos de idiomas.<\/p>\n","protected":false},"author":1,"featured_media":17841,"comment_status":"closed","ping_status":"closed","sticky":false,"template":"","format":"standard","meta":{"footnotes":""},"categories":[5],"tags":[173,672,780,1286,1353,1424],"featured_image_thumbnail_url":"https:\/\/fg.ull.es\/hemeroteca\/wp-content\/uploads\/sites\/14\/2015\/06\/concurso_foto_1280x720px-300x169.jpg","_links":{"self":[{"href":"https:\/\/fg.ull.es\/hemeroteca\/wp-json\/wp\/v2\/posts\/17840"}],"collection":[{"href":"https:\/\/fg.ull.es\/hemeroteca\/wp-json\/wp\/v2\/posts"}],"about":[{"href":"https:\/\/fg.ull.es\/hemeroteca\/wp-json\/wp\/v2\/types\/post"}],"author":[{"embeddable":true,"href":"https:\/\/fg.ull.es\/hemeroteca\/wp-json\/wp\/v2\/users\/1"}],"replies":[{"embeddable":true,"href":"https:\/\/fg.ull.es\/hemeroteca\/wp-json\/wp\/v2\/comments?post=17840"}],"version-history":[{"count":0,"href":"https:\/\/fg.ull.es\/hemeroteca\/wp-json\/wp\/v2\/posts\/17840\/revisions"}],"wp:featuredmedia":[{"embeddable":true,"href":"https:\/\/fg.ull.es\/hemeroteca\/wp-json\/wp\/v2\/media\/17841"}],"wp:attachment":[{"href":"https:\/\/fg.ull.es\/hemeroteca\/wp-json\/wp\/v2\/media?parent=17840"}],"wp:term":[{"taxonomy":"category","embeddable":true,"href":"https:\/\/fg.ull.es\/hemeroteca\/wp-json\/wp\/v2\/categories?post=17840"},{"taxonomy":"post_tag","embeddable":true,"href":"https:\/\/fg.ull.es\/hemeroteca\/wp-json\/wp\/v2\/tags?post=17840"}],"curies":[{"name":"wp","href":"https:\/\/api.w.org\/{rel}","templated":true}]}}