{"id":17823,"date":"2015-04-27T13:05:51","date_gmt":"2015-04-27T13:05:51","guid":{"rendered":"http:\/\/www.fg.ull.es\/?p=17823"},"modified":"2015-04-27T13:05:51","modified_gmt":"2015-04-27T13:05:51","slug":"arranca-in-out-un-proyecto-que-combina-la-formacion-y-el-asesoramiento-para-apoyar-a-jovenes-de-espana-con-residencia-en-el-extranjero","status":"publish","type":"post","link":"https:\/\/fg.ull.es\/hemeroteca\/2015\/04\/27\/arranca-in-out-un-proyecto-que-combina-la-formacion-y-el-asesoramiento-para-apoyar-a-jovenes-de-espana-con-residencia-en-el-extranjero\/","title":{"rendered":"Arranca &#039;In &#038; Out&#039;, un proyecto que combina la formaci\u00f3n y el asesoramiento para apoyar a j\u00f3venes de Espa\u00f1a con residencia en el extranjero"},"content":{"rendered":"<h1>Arranca &#8216;In &amp; Out&#8217;, un proyecto que combina la formaci\u00f3n y el asesoramiento para apoyar a j\u00f3venes de Espa\u00f1a con residencia en el extranjero<\/h1>\n<p>&nbsp;<\/p>\n<h4>In&amp;Out est\u00e1 dirigido a j\u00f3venes de nacionalidad espa\u00f1ola, menores de 35 a\u00f1os, residentes en el extranjero e inscritos en el Registro de Matr\u00edcula Consular. Se fundamenta en tres pilares: el asesoramiento, la formaci\u00f3n y el apoyo en el perfeccionamiento del idioma del pa\u00eds de acogida mediante una bolsa de ayuda econ\u00f3mica para la formaci\u00f3n en idiomas con car\u00e1cter retroactivo.<\/h4>\n<p>&nbsp;<br \/>\nLa Fundaci\u00f3n General de la Universidad de La Laguna presenta el programa <i>In &amp; Out<\/i>, un programa de asesoramiento y formaci\u00f3n dirigido a j\u00f3venes espa\u00f1oles residentes en el extranjero. La iniciativa se propone como una plataforma de apoyo al joven emigrante que persigue facilitar el acceso a recursos de inter\u00e9s y promover un espacio para el apoyo al desarrollo profesional en el extranjero. Las primeras actividades comenzar\u00e1n a impartirse en el mes de mayo y se realizar\u00e1n a trav\u00e9s de un campus virtual. El proyecto cuenta con la financiaci\u00f3n de la Direcci\u00f3n General de Migraciones del Ministerio de Empleo y Seguridad Social.<br \/>\n<i>In &amp; Out<\/i> mezcla tres aspectos que se han se\u00f1alado como b\u00e1sicos para las experiencias en el extranjero: el reconocimiento de la importancia que tiene el acompa\u00f1amiento para garantizar la integraci\u00f3n social y laboral del emigrante; la convicci\u00f3n de que la promoci\u00f3n del asociacionismo entre emigrantes puede ser la mejor fuente de apoyo y recursos; y\u00a0 la certeza de que el emprendimiento como conjunto de cualidades y competencias es una garant\u00eda de \u00e9xito profesional, ya sea mediante la generaci\u00f3n de un negocio propio o bien por a trav\u00e9s del intra-emprendimiento e innovaci\u00f3n a trav\u00e9s del puesto de trabajo.\u00a0 Adem\u00e1s, se incluye apoyo en la consolidaci\u00f3n o perfeccionamiento del idioma del pa\u00eds de acogida mediante una bolsa de ayuda econ\u00f3mica con car\u00e1cter retroactivo\u00a0 para sufragar los gastos en formaci\u00f3n de idiomas<span style=\"text-decoration: line-through\">.<\/span><br \/>\nEste programa tambi\u00e9n incluye un servicio de orientaci\u00f3n <i>online<\/i>, creado en base a las necesidades que caracterizan a los j\u00f3venes espa\u00f1oles que actualmente residen en el extranjero. Dentro del mismo, se propone una acci\u00f3n formativa de mejora de la empleabilidad organizada en tres m\u00f3dulos que persigue que cada persona beneficiaria conozca sus posibilidades tanto en el pa\u00eds de residencia como en Espa\u00f1a, los contrastes entre ambos y que motivar una reflexi\u00f3n sobre la continuaci\u00f3n de su estancia en el extranjero o el regreso a Espa\u00f1a. De esta manera el mismo servicio cumple la funci\u00f3n tanto de facilitar la integraci\u00f3n en el pa\u00eds correspondiente como de motivar el retorno y la integraci\u00f3n laboral en Espa\u00f1a.<br \/>\nLas personas beneficiarias deber\u00e1n ser j\u00f3venes espa\u00f1oles menores de 35 a\u00f1os residentes en el extranjero, cumplir con un periodo de residencia en el exterior de al menos un mes y estar inscritas en el \u201cRegistro de Matr\u00edcula Consular\u201d.<br \/>\nEl proyecto est\u00e1 cofinanciado por la Fundaci\u00f3n General de la ULL y tiene como fin \u00faltimo la promoci\u00f3n de la integraci\u00f3n social y laboral de los j\u00f3venes espa\u00f1oles en el extranjero. Tambi\u00e9n tiene por objeto la formaci\u00f3n especializada en intra-emprendimiento y estrategias de innovaci\u00f3n empresarial que les permitan aportar un valor a\u00f1adido en su puesto de trabajo.<br \/>\nPara conocer m\u00e1s sobre el programa y sus diferentes acciones se puede consultar <a href=\"http:\/\/fg.ull.es\/in-out\/\">su p\u00e1gina web<\/a>.<\/p>\n","protected":false},"excerpt":{"rendered":"<p>In&amp;Out est\u00e1 dirigido a j\u00f3venes de nacionalidad espa\u00f1ola, menores de 35 a\u00f1os, residentes en el extranjero e inscritos en el Registro de Matr\u00edcula Consular. Se fundamenta en tres pilares: el asesoramiento, la formaci\u00f3n y el apoyo en el perfeccionamiento del idioma del pa\u00eds de acogida mediante una bolsa de ayuda econ\u00f3mica para la formaci\u00f3n en idiomas con car\u00e1cter retroactivo.<\/p>\n","protected":false},"author":1,"featured_media":17824,"comment_status":"closed","ping_status":"closed","sticky":false,"template":"","format":"standard","meta":{"footnotes":""},"categories":[3],"tags":[173,518,671,1079,1353,1424],"featured_image_thumbnail_url":"https:\/\/fg.ull.es\/hemeroteca\/wp-content\/uploads\/sites\/14\/2015\/06\/cartel_del_programa_in__outpng-300x169.png","_links":{"self":[{"href":"https:\/\/fg.ull.es\/hemeroteca\/wp-json\/wp\/v2\/posts\/17823"}],"collection":[{"href":"https:\/\/fg.ull.es\/hemeroteca\/wp-json\/wp\/v2\/posts"}],"about":[{"href":"https:\/\/fg.ull.es\/hemeroteca\/wp-json\/wp\/v2\/types\/post"}],"author":[{"embeddable":true,"href":"https:\/\/fg.ull.es\/hemeroteca\/wp-json\/wp\/v2\/users\/1"}],"replies":[{"embeddable":true,"href":"https:\/\/fg.ull.es\/hemeroteca\/wp-json\/wp\/v2\/comments?post=17823"}],"version-history":[{"count":0,"href":"https:\/\/fg.ull.es\/hemeroteca\/wp-json\/wp\/v2\/posts\/17823\/revisions"}],"wp:featuredmedia":[{"embeddable":true,"href":"https:\/\/fg.ull.es\/hemeroteca\/wp-json\/wp\/v2\/media\/17824"}],"wp:attachment":[{"href":"https:\/\/fg.ull.es\/hemeroteca\/wp-json\/wp\/v2\/media?parent=17823"}],"wp:term":[{"taxonomy":"category","embeddable":true,"href":"https:\/\/fg.ull.es\/hemeroteca\/wp-json\/wp\/v2\/categories?post=17823"},{"taxonomy":"post_tag","embeddable":true,"href":"https:\/\/fg.ull.es\/hemeroteca\/wp-json\/wp\/v2\/tags?post=17823"}],"curies":[{"name":"wp","href":"https:\/\/api.w.org\/{rel}","templated":true}]}}