{"id":17766,"date":"2015-04-27T10:32:27","date_gmt":"2015-04-27T10:32:27","guid":{"rendered":"http:\/\/www.fg.ull.es\/?p=17766"},"modified":"2015-04-27T10:32:27","modified_gmt":"2015-04-27T10:32:27","slug":"oferta-formativa-con-comienzo-en-la-semana-del-4-de-mayo","status":"publish","type":"post","link":"https:\/\/fg.ull.es\/hemeroteca\/2015\/04\/27\/oferta-formativa-con-comienzo-en-la-semana-del-4-de-mayo\/","title":{"rendered":"Oferta formativa con comienzo en la semana del 4 de mayo"},"content":{"rendered":"<h1>Oferta formativa con comienzo en la semana del 4 de mayo<\/h1>\n<p>&nbsp;<\/p>\n<h4>Presentamos los cursos con comienzo en la semana del 4 de mayo. La inscripci\u00f3n est\u00e1 ya disponible en nuestra sede electr\u00f3nica.<\/h4>\n<p>&nbsp;<br \/>\nPara acceder a\u00a0<b>m\u00e1s informaci\u00f3n y matr\u00edcula<\/b>, pueden hacer clic sobre el t\u00edtulo de cada curso en\u00a0<a href=\"http:\/\/www.fg.ull.es\/public\/docs\/1867_op_cartel_semana_4_mayo.pdf\">este cartel.<\/a><\/p>\n","protected":false},"excerpt":{"rendered":"<p>Presentamos los cursos con comienzo en la semana del 4 de mayo. La inscripci\u00f3n est\u00e1 ya disponible en nuestra sede electr\u00f3nica.<\/p>\n","protected":false},"author":1,"featured_media":17769,"comment_status":"closed","ping_status":"closed","sticky":false,"template":"","format":"standard","meta":{"footnotes":""},"categories":[5],"tags":[173,425,672,1353,1424],"featured_image_thumbnail_url":"https:\/\/fg.ull.es\/hemeroteca\/wp-content\/uploads\/sites\/14\/2015\/04\/Banner_facebook_4_mayo-300x157.jpg","_links":{"self":[{"href":"https:\/\/fg.ull.es\/hemeroteca\/wp-json\/wp\/v2\/posts\/17766"}],"collection":[{"href":"https:\/\/fg.ull.es\/hemeroteca\/wp-json\/wp\/v2\/posts"}],"about":[{"href":"https:\/\/fg.ull.es\/hemeroteca\/wp-json\/wp\/v2\/types\/post"}],"author":[{"embeddable":true,"href":"https:\/\/fg.ull.es\/hemeroteca\/wp-json\/wp\/v2\/users\/1"}],"replies":[{"embeddable":true,"href":"https:\/\/fg.ull.es\/hemeroteca\/wp-json\/wp\/v2\/comments?post=17766"}],"version-history":[{"count":0,"href":"https:\/\/fg.ull.es\/hemeroteca\/wp-json\/wp\/v2\/posts\/17766\/revisions"}],"wp:featuredmedia":[{"embeddable":true,"href":"https:\/\/fg.ull.es\/hemeroteca\/wp-json\/wp\/v2\/media\/17769"}],"wp:attachment":[{"href":"https:\/\/fg.ull.es\/hemeroteca\/wp-json\/wp\/v2\/media?parent=17766"}],"wp:term":[{"taxonomy":"category","embeddable":true,"href":"https:\/\/fg.ull.es\/hemeroteca\/wp-json\/wp\/v2\/categories?post=17766"},{"taxonomy":"post_tag","embeddable":true,"href":"https:\/\/fg.ull.es\/hemeroteca\/wp-json\/wp\/v2\/tags?post=17766"}],"curies":[{"name":"wp","href":"https:\/\/api.w.org\/{rel}","templated":true}]}}