{"id":17758,"date":"2015-04-27T10:24:32","date_gmt":"2015-04-27T10:24:32","guid":{"rendered":"http:\/\/www.fg.ull.es\/?p=17758"},"modified":"2015-04-27T10:24:32","modified_gmt":"2015-04-27T10:24:32","slug":"la-escuela-de-empleo-de-la-fundacion-general-de-la-ull-comienza-su-actividad-con-un-acto-inaugural","status":"publish","type":"post","link":"https:\/\/fg.ull.es\/hemeroteca\/2015\/04\/27\/la-escuela-de-empleo-de-la-fundacion-general-de-la-ull-comienza-su-actividad-con-un-acto-inaugural\/","title":{"rendered":"La Escuela de Empleo de la Fundaci\u00f3n General de la ULL comienza su actividad con un acto inaugural"},"content":{"rendered":"<h1>La Escuela de Empleo de la Fundaci\u00f3n General de la ULL comienza su actividad con un acto inaugural<\/h1>\n<p>&nbsp;<\/p>\n<h4>La presentaci\u00f3n de esta segunda edici\u00f3n se realiz\u00f3 el pasado viernes, 24 de abril, en las instalaciones de la Fundaci\u00f3n y cont\u00f3 con la presencia de participantes, equipo t\u00e9cnico y profesorado. A trav\u00e9s de esta iniciativa, las personas beneficiarias recibir\u00e1n formaci\u00f3n y asesoramiento para mejorar su empleabilidad.<\/h4>\n<p>&nbsp;<br \/>\nEl pasado viernes [24 de abril] se recibi\u00f3 al alumnado de la segunda edici\u00f3n de la \u2018<a href=\"http:\/\/www.fg.ull.es\/es\/proyecto\/escuela_de_empleo\/73\/3\/\">Escuela de Empleo<\/a>\u2019 de la Fundaci\u00f3n General de la ULL con un primer acto de bienvenida y presentaci\u00f3n del programa que se desarrollar\u00e1 en los pr\u00f3ximos meses. Este acto inaugural cont\u00f3 con la presencia de las personas beneficiarias, el equipo t\u00e9cnico del proyecto y el profesorado. Durante este acto, el alumnado pudo conocer de primera mano los pormenores del itinerario acad\u00e9mico y de orientaci\u00f3n, as\u00ed como las programaciones temporalizadas de cada m\u00f3dulo. El profesorado realiz\u00f3 una presentaci\u00f3n de sus materias y se detall\u00f3 el servicio de orientaci\u00f3n del proyecto, que tiene como objetivo apoyar la b\u00fasqueda de empleo del alumnado a trav\u00e9s del an\u00e1lisis de su perfil profesional. Tambi\u00e9n se les facilitaron los primeros materiales de trabajo.<br \/>\nA partir de este momento, se llevar\u00e1n a cabo orientaciones individualizadas desde el 27 hasta el 29 de abril, que permitir\u00e1n iniciar las acciones adecuadas para la b\u00fasqueda de empleo. Por su parte, las clases comenzar\u00e1n el pr\u00f3ximo 4 de mayo.<br \/>\nEn esta edici\u00f3n se presenta como principal novedad la realizaci\u00f3n de cien horas de pr\u00e1cticas en empresas, un m\u00f3dulo formativo que tiene el objetivo de llevar a la pr\u00e1ctica todas las habilidades y competencias adquiridas durante el desarrollo del proyecto. As\u00ed, el programa formativo, que se desarrollar\u00e1 entre los meses de mayo y julio, est\u00e1 compuesto por 304 horas semipresenciales que incluyen actividades relacionadas con: la orientaci\u00f3n laboral y competencias para el puesto de trabajo, automarketing, ofim\u00e1tica y empleabilidad 2.0 e ingl\u00e9s para el empleo. Tambi\u00e9n se organizar\u00e1n diferentes seminarios para contenidos m\u00e1s concretos, que ser\u00e1n impartidos por empresarios o profesionales especializados.<br \/>\nLa Escuela de Empleo pretende promover la empleabilidad de personas sin experiencia laboral en el sector profesional para el cu\u00e1l se han formado, fomentando la adquisici\u00f3n de competencias transversales, promoviendo la b\u00fasqueda activa de empleo, potenciando el desarrollo de la carrera profesional y facilitando la inserci\u00f3n.<\/p>\n","protected":false},"excerpt":{"rendered":"<p>La presentaci\u00f3n de esta segunda edici\u00f3n se realiz\u00f3 el pasado viernes, 24 de abril, en las instalaciones de la Fundaci\u00f3n y cont\u00f3 con la presencia de participantes, equipo t\u00e9cnico y profesorado. A trav\u00e9s de esta iniciativa, las personas beneficiarias recibir\u00e1n formaci\u00f3n y asesoramiento para mejorar su empleabilidad.<\/p>\n","protected":false},"author":1,"featured_media":17759,"comment_status":"closed","ping_status":"closed","sticky":false,"template":"","format":"standard","meta":{"footnotes":""},"categories":[3],"tags":[173,518,671,672,1079,1353,1424],"featured_image_thumbnail_url":"https:\/\/fg.ull.es\/hemeroteca\/wp-content\/uploads\/sites\/14\/2015\/06\/el_alumnado_de_la_segunda_edicion_de_la_escuela_de_empleo_junto_al_profesorado_y_equipo_tecnicojpg-300x200.jpg","_links":{"self":[{"href":"https:\/\/fg.ull.es\/hemeroteca\/wp-json\/wp\/v2\/posts\/17758"}],"collection":[{"href":"https:\/\/fg.ull.es\/hemeroteca\/wp-json\/wp\/v2\/posts"}],"about":[{"href":"https:\/\/fg.ull.es\/hemeroteca\/wp-json\/wp\/v2\/types\/post"}],"author":[{"embeddable":true,"href":"https:\/\/fg.ull.es\/hemeroteca\/wp-json\/wp\/v2\/users\/1"}],"replies":[{"embeddable":true,"href":"https:\/\/fg.ull.es\/hemeroteca\/wp-json\/wp\/v2\/comments?post=17758"}],"version-history":[{"count":0,"href":"https:\/\/fg.ull.es\/hemeroteca\/wp-json\/wp\/v2\/posts\/17758\/revisions"}],"wp:featuredmedia":[{"embeddable":true,"href":"https:\/\/fg.ull.es\/hemeroteca\/wp-json\/wp\/v2\/media\/17759"}],"wp:attachment":[{"href":"https:\/\/fg.ull.es\/hemeroteca\/wp-json\/wp\/v2\/media?parent=17758"}],"wp:term":[{"taxonomy":"category","embeddable":true,"href":"https:\/\/fg.ull.es\/hemeroteca\/wp-json\/wp\/v2\/categories?post=17758"},{"taxonomy":"post_tag","embeddable":true,"href":"https:\/\/fg.ull.es\/hemeroteca\/wp-json\/wp\/v2\/tags?post=17758"}],"curies":[{"name":"wp","href":"https:\/\/api.w.org\/{rel}","templated":true}]}}