{"id":17754,"date":"2015-04-27T10:18:31","date_gmt":"2015-04-27T10:18:31","guid":{"rendered":"http:\/\/www.fg.ull.es\/?p=17754"},"modified":"2015-04-27T10:18:31","modified_gmt":"2015-04-27T10:18:31","slug":"comienza-la-actividad-tu-cooperativa-a-examen-en-el-marco-del-proyecto-ensenar-para-emprender","status":"publish","type":"post","link":"https:\/\/fg.ull.es\/hemeroteca\/2015\/04\/27\/comienza-la-actividad-tu-cooperativa-a-examen-en-el-marco-del-proyecto-ensenar-para-emprender\/","title":{"rendered":"Comienza la actividad &#039;Tu cooperativa a examen&#039; en el marco del proyecto Ense\u00f1ar para Emprender"},"content":{"rendered":"<h1>Comienza la actividad &#8216;Tu cooperativa a examen&#8217; en el marco del proyecto Ense\u00f1ar para Emprender<\/h1>\n<p>&nbsp;<\/p>\n<h4>La actividad consiste en la visita de representantes del Cabildo de Tenerife a los distintos centros educativos en los que se realiza el proyecto con el objetivo de confirmar la difusi\u00f3n de la cultura emprendedora entre los escolares de la Isla. La actividad se inici\u00f3 la semana pasada en el CEP Juan Cruz Ruiz con la visita al del presidente del Cabildo, Carlos Alonso, y del vicepresidente econ\u00f3mico y consejero insular del \u00c1rea de Empleo, Desarrollo econ\u00f3mico, Comercio y Acci\u00f3n Exterior, Efra\u00edn Medina.<\/h4>\n<p>&nbsp;<br \/>\nLa semana pasada comenz\u00f3 a realizarse la actividad \u2018Tu cooperativa a examen\u2019 en el marco del proyecto educativo <i>Ense\u00f1ar para Emprender<\/i>. La actividad es una novedad introducida en esta edici\u00f3n y consiste en la realizaci\u00f3n visitas de representantes del Cabildo de Tenerife a los distintos centros educativos que participan en el proyecto, con el objetivo de confirmar la difusi\u00f3n de la cultura emprendedora entre los escolares de la Isla.<br \/>\nEsta actividad comenz\u00f3 a realizarse la semana pasada, concretamente el 22 de abril, con la visita del presidente del Cabildo, Carlos Alonso, y el vicepresidente econ\u00f3mico y consejero insular del \u00c1rea de Empleo, Desarrollo Econ\u00f3mico, Comercio y Acci\u00f3n Exterior, Efra\u00edn Medina, al CEP Juan Cruz Ruiz del Puerto de la Cruz. Concretamente estuvieron visitando a las dos cooperativas escolares del alumnado de 6\u00ba de Educaci\u00f3n Primaria que se han creado en el centro: \u201c+ Salud + Vida\u201d y \u201cMoringote Express\u201d.\u00a0 Tanto el presidente del Cabildo como el consejero de Empleo se interesaron por el proceso que han llevado a cabo los escolares para conformarse como cooperativas e interactuaron con el alumnado con el fin de conocer su experiencia en el proyecto. Asimismo, les hicieron algunas preguntas relacionadas con la econom\u00eda social, conductas y actitudes de colaboraci\u00f3n, igualdad, sostenibilidad, coordinaci\u00f3n, superaci\u00f3n de conflictos, asunci\u00f3n de problemas y responsabilidades.<br \/>\nLos escolares, por su parte, les ense\u00f1aron los productos que han venido elaborando desde el pasado mes de enero. La primera de las cooperativas ha elaborado agendas con productos reciclados y marcadores de libros utilizando flores del huerto escolar. La segunda, vender\u00e1 en la Feria de Cooperativas Escolares del Puerto de la Cruz \u00a0del pr\u00f3ximo 15 de mayo la planta <i>moringa <\/i>para infusionar. Esta planta es beneficiosa para la nutrici\u00f3n y salud de las personas. Durante la visita, los ni\u00f1os y ni\u00f1as de la cooperativa \u201c+ Salud + Vida\u201d obsequiaron al presidente del Cabildo de Tenerife con una de las agendas que se encuentran elaborando. Asimismo, los integrantes de la cooperativa \u201cMoringote Express\u201d prepararon para el presidente y el consejero insular una degustaci\u00f3n de la infusi\u00f3n de <i>moringa.<\/i><\/p>\n","protected":false},"excerpt":{"rendered":"<p>La actividad consiste en la visita de representantes del Cabildo de Tenerife a los distintos centros educativos en los que se realiza el proyecto con el objetivo de confirmar la difusi\u00f3n de la cultura emprendedora entre los escolares de la Isla. La actividad se inici\u00f3 la semana pasada en el CEP Juan Cruz Ruiz con la visita al del presidente del Cabildo, Carlos Alonso, y del vicepresidente econ\u00f3mico y consejero insular del \u00c1rea de Empleo, Desarrollo econ\u00f3mico, Comercio y Acci\u00f3n Exterior, Efra\u00edn Medina.<\/p>\n","protected":false},"author":1,"featured_media":17756,"comment_status":"closed","ping_status":"closed","sticky":false,"template":"","format":"standard","meta":{"footnotes":""},"categories":[3],"tags":[173,533,541,672,1192,1353,1424],"featured_image_thumbnail_url":"https:\/\/fg.ull.es\/hemeroteca\/wp-content\/uploads\/sites\/14\/2015\/06\/el_presidente_del_cabildo_carlos_alonso_y_el_consejero_insular_efrain_medina_degustando_una_infusion_de_la_planta_moringa_elaborada_por_los_escolaresjpg-300x225.jpg","_links":{"self":[{"href":"https:\/\/fg.ull.es\/hemeroteca\/wp-json\/wp\/v2\/posts\/17754"}],"collection":[{"href":"https:\/\/fg.ull.es\/hemeroteca\/wp-json\/wp\/v2\/posts"}],"about":[{"href":"https:\/\/fg.ull.es\/hemeroteca\/wp-json\/wp\/v2\/types\/post"}],"author":[{"embeddable":true,"href":"https:\/\/fg.ull.es\/hemeroteca\/wp-json\/wp\/v2\/users\/1"}],"replies":[{"embeddable":true,"href":"https:\/\/fg.ull.es\/hemeroteca\/wp-json\/wp\/v2\/comments?post=17754"}],"version-history":[{"count":0,"href":"https:\/\/fg.ull.es\/hemeroteca\/wp-json\/wp\/v2\/posts\/17754\/revisions"}],"wp:featuredmedia":[{"embeddable":true,"href":"https:\/\/fg.ull.es\/hemeroteca\/wp-json\/wp\/v2\/media\/17756"}],"wp:attachment":[{"href":"https:\/\/fg.ull.es\/hemeroteca\/wp-json\/wp\/v2\/media?parent=17754"}],"wp:term":[{"taxonomy":"category","embeddable":true,"href":"https:\/\/fg.ull.es\/hemeroteca\/wp-json\/wp\/v2\/categories?post=17754"},{"taxonomy":"post_tag","embeddable":true,"href":"https:\/\/fg.ull.es\/hemeroteca\/wp-json\/wp\/v2\/tags?post=17754"}],"curies":[{"name":"wp","href":"https:\/\/api.w.org\/{rel}","templated":true}]}}