{"id":17751,"date":"2015-04-24T10:16:34","date_gmt":"2015-04-24T10:16:34","guid":{"rendered":"http:\/\/www.fg.ull.es\/?p=17751"},"modified":"2015-04-24T10:16:34","modified_gmt":"2015-04-24T10:16:34","slug":"uno-de-los-responsables-del-portal-de-ciencia-naukas-javier-pelaez-profesor-de-la-tercera-sesion-del-curso-como-divulgar-mi-investigacion","status":"publish","type":"post","link":"https:\/\/fg.ull.es\/hemeroteca\/2015\/04\/24\/uno-de-los-responsables-del-portal-de-ciencia-naukas-javier-pelaez-profesor-de-la-tercera-sesion-del-curso-como-divulgar-mi-investigacion\/","title":{"rendered":"Uno de los responsables del portal de ciencia `NauKas\u00b4, Javier Pel\u00e1ez, profesor de la tercera sesi\u00f3n del curso &#039;\u00bfC\u00f3mo divulgar mi investigaci\u00f3n?&#039;"},"content":{"rendered":"<h1>Uno de los responsables del portal de ciencia `NauKas\u00b4, Javier Pel\u00e1ez, profesor de la tercera sesi\u00f3n del curso &#8216;\u00bfC\u00f3mo divulgar mi investigaci\u00f3n?&#8217;<\/h1>\n<p>&nbsp;<\/p>\n<h4>El alumnado del curso <i>\u00bfC\u00f3mo divulgar mi investigaci\u00f3n?, <\/i>organizado por la Unidad de Cultura Cient\u00edfica y de la Innovaci\u00f3n, Cienci@ULL, de la Universidad de La Laguna, cont\u00f3 esta semana con las intervenciones de Ylka Tapia y de Javier Pel\u00e1ez y realiz\u00f3 una actividad pr\u00e1ctica en Radio Nacional de Espa\u00f1a.<\/h4>\n<p>&nbsp;<br \/>\nEl curso <i>\u00bfC\u00f3mo divulgar mi investigaci\u00f3n?<\/i>, presentado por la Universidad de La Laguna, a trav\u00e9s de su <a href=\"http:\/\/ciencia.fg.ull.es\/\">Unidad de Cultura Cient\u00edfica y de la Innovaci\u00f3n, Cienci@ULL,<\/a> sigue adelante. En \u00e9l, los investigadores asistentes ya han tenido docencia con profesionales de la comunicaci\u00f3n como Ver\u00f3nica Mart\u00edn, Yilka Tapia o Javier Pel\u00e1ez.<br \/>\nEste \u00faltimo, cofundador del p<a href=\"http:\/\/naukas.com\/\">ortal NauKas<\/a> y socio de Amazings Divulgaci\u00f3n, imparti\u00f3 el mi\u00e9rcoles 22 de abril una sesi\u00f3n sobre la comunicaci\u00f3n en la red. En ella, explic\u00f3 a los asistentes lo que se est\u00e1 realizando en el portal Naukas y cu\u00e1l es la importancia de comunicar la ciencia en Internet, usando todas las posibilidades que ofrece esta herramienta, ya sean las p\u00e1ginas web, las redes sociales o los blogs.<br \/>\nUno de los elementos destacables de su visi\u00f3n de la divulgaci\u00f3n cient\u00edfica es la distinci\u00f3n que hace entre los medios tradicionales, como los mejores recursos para divulgar la ciencia y darla a conocer entre aquellos que no est\u00e1n interesados en ella. Mientras que, en lo referente Internet, Pel\u00e1ez la ve como una buena herramienta de comunicaci\u00f3n para llegar a\u00a0 los que ya est\u00e1n interesados en la tem\u00e1tica.<br \/>\nAdem\u00e1s, en la sesi\u00f3n, los alumnos y alumnas recibieron consejos sobre c\u00f3mo orientar sus blogs o sobre la necesidad de ver lo que est\u00e1n haciendo y lo que les funciona a los dem\u00e1s, en el caso de aquellos que no tuvieran uno. Pel\u00e1ez tambi\u00e9n destac\u00f3 la importancia de que las publicaciones de papers, trasciendan m\u00e1s all\u00e1 del Journal y se piense en la importancia de comunicar y divulgar los resultados de las investigaciones al gran p\u00fablico, a trav\u00e9s de los medios de comunicaci\u00f3n con los que se cuenta.<br \/>\nAdem\u00e1s, como colof\u00f3n a las sesiones de esta semana, ayer 23 de abril los asistentes al curso tuvieron la oportunidad de participar en el programa de RNE, Doble h\u00e9lice.<\/p>\n","protected":false},"excerpt":{"rendered":"<p>El alumnado del curso \u00bfC\u00f3mo divulgar mi investigaci\u00f3n?, organizado por la Unidad de Cultura Cient\u00edfica y de la Innovaci\u00f3n, Cienci@ULL, de la Universidad de La Laguna, cont\u00f3 esta semana con las intervenciones de Ylka Tapia y de Javier Pel\u00e1ez y realiz\u00f3 una actividad pr\u00e1ctica en Radio Nacional de Espa\u00f1a. <\/p>\n","protected":false},"author":1,"featured_media":17752,"comment_status":"closed","ping_status":"closed","sticky":false,"template":"","format":"standard","meta":{"footnotes":""},"categories":[8],"tags":[173,421,672,821,862,1353,1424],"featured_image_thumbnail_url":"https:\/\/fg.ull.es\/hemeroteca\/wp-content\/uploads\/sites\/14\/2015\/06\/un_instante_de_la_actividad_en_radio_nacional_de_espana_foto_de_paloma_reillojpg-300x224.jpg","_links":{"self":[{"href":"https:\/\/fg.ull.es\/hemeroteca\/wp-json\/wp\/v2\/posts\/17751"}],"collection":[{"href":"https:\/\/fg.ull.es\/hemeroteca\/wp-json\/wp\/v2\/posts"}],"about":[{"href":"https:\/\/fg.ull.es\/hemeroteca\/wp-json\/wp\/v2\/types\/post"}],"author":[{"embeddable":true,"href":"https:\/\/fg.ull.es\/hemeroteca\/wp-json\/wp\/v2\/users\/1"}],"replies":[{"embeddable":true,"href":"https:\/\/fg.ull.es\/hemeroteca\/wp-json\/wp\/v2\/comments?post=17751"}],"version-history":[{"count":0,"href":"https:\/\/fg.ull.es\/hemeroteca\/wp-json\/wp\/v2\/posts\/17751\/revisions"}],"wp:featuredmedia":[{"embeddable":true,"href":"https:\/\/fg.ull.es\/hemeroteca\/wp-json\/wp\/v2\/media\/17752"}],"wp:attachment":[{"href":"https:\/\/fg.ull.es\/hemeroteca\/wp-json\/wp\/v2\/media?parent=17751"}],"wp:term":[{"taxonomy":"category","embeddable":true,"href":"https:\/\/fg.ull.es\/hemeroteca\/wp-json\/wp\/v2\/categories?post=17751"},{"taxonomy":"post_tag","embeddable":true,"href":"https:\/\/fg.ull.es\/hemeroteca\/wp-json\/wp\/v2\/tags?post=17751"}],"curies":[{"name":"wp","href":"https:\/\/api.w.org\/{rel}","templated":true}]}}