{"id":17748,"date":"2015-04-24T10:14:37","date_gmt":"2015-04-24T10:14:37","guid":{"rendered":"http:\/\/www.fg.ull.es\/?p=17748"},"modified":"2015-04-24T10:14:37","modified_gmt":"2015-04-24T10:14:37","slug":"comienza-su-andadura-el-foro-economico-y-social-de-la-laguna-con-una-representacion-ciudadana-amplia-y-plural","status":"publish","type":"post","link":"https:\/\/fg.ull.es\/hemeroteca\/2015\/04\/24\/comienza-su-andadura-el-foro-economico-y-social-de-la-laguna-con-una-representacion-ciudadana-amplia-y-plural\/","title":{"rendered":"Comienza su andadura el Foro Econ\u00f3mico y Social de La Laguna con una representaci\u00f3n ciudadana amplia y plural"},"content":{"rendered":"<h1>Comienza su andadura el Foro Econ\u00f3mico y Social de La Laguna con una representaci\u00f3n ciudadana amplia y plural<\/h1>\n<p>&nbsp;<\/p>\n<h4>Organizaciones sociales, culturales, empresariales, sindicales, pol\u00edticas y acad\u00e9micas constituyen este nuevo \u00f3rgano consultivo y de debate sobre asuntos estrat\u00e9gicos para el municipio. Dicho \u00f3rgano recoge el testigo del Foro Anticrisis de La Laguna, ya disuelto.<\/h4>\n<p>&nbsp;<\/p>\n<div>\n<div>\nEl nuevo Foro Econ\u00f3mico y Social de San Crist\u00f3bal de La Laguna ya es una realidad, tras su constituci\u00f3n este martes en la Casa de los Capitanes, con la participaci\u00f3n de una amplia y plural representaci\u00f3n de m\u00faltiples organizaciones y entidades que abarcan todos los \u00e1mbitos de la sociedad lagunera.<br \/>\nSe trata de un nuevo \u00f3rgano, de car\u00e1cter permanente, que tendr\u00e1 funciones consultivas y de debate sobre asuntos estrat\u00e9gicos que sirvan para impulsar el progreso socioecon\u00f3mico del municipio lagunero. Dicha instituci\u00f3n, presidida por el alcalde, toma el testigo del ya disuelto Foro Anticrisis que, en los \u00faltimos 6 a\u00f1os, ha sido germen de iniciativas muy interesantes para la ciudad, como la Noche en Blanco y numerosos programas y acciones sociales y de dinamizaci\u00f3n.<br \/>\nLa concejal lagunera Candelaria D\u00edaz, delegada de la puesta en marcha del nuevo Foro Econ\u00f3mico y Social, agradeci\u00f3 a todos los colectivos representados colaborar con esta iniciativa. Posteriormente, los presentes analizaron las competencias y funciones del \u00f3rgano, seg\u00fan el reglamento aprobado, y los pasos que se dar\u00e1n para su plena puesta en marcha.<br \/>\n<b>Composici\u00f3n<\/b><br \/>\nEl pleno del Foro cuenta con m\u00e1s de una veintena de entidades participantes, divididas en 4 grupos, cuyos integrantes titulares y suplentes ya han sido designados seg\u00fan los criterios establecidos. El primero de estos grupos lo conforman las organizaciones comerciales, empresariales, profesionales, agrarias y financieras, con 4 miembros. El segundo lo integran organizaciones vecinales y sindicales, con 6 miembros.<br \/>\nA su vez, el tercer grupo son entidades socioecon\u00f3micas de inter\u00e9s aprobadas por el Pleno municipal, con 8 miembros, y lo integran la Universidad de La Laguna (ULL), la FAV Aguere, Asecu, la C\u00e1mara de Comercio, Cruz Roja, la Fundaci\u00f3n General de la ULL, el Instituto de Astrof\u00edsica de Canarias y Los Sabande\u00f1os. Y el cuarto grupo, con voz pero sin voto, lo conforman todas las fuerzas pol\u00edticas con representaci\u00f3n municipal.<br \/>\nEn esta primera sesi\u00f3n y la siguiente, que ser\u00e1 la pr\u00f3xima semana, se inici\u00f3 el proceso de designaci\u00f3n de los coordinadores de cada grupo y sus representantes en la Comisi\u00f3n Permanente del Foro, as\u00ed como de su vicepresidente. Tambi\u00e9n se conformar\u00e1n las diferentes comisiones de trabajo en que se dividir\u00e1 la actividad de este \u00f3rgano, para facilitar su operatividad.<br \/>\n<b>Antecedente<\/b><br \/>\nEl Foro Econ\u00f3mico y Social de La Laguna pasa a ocupar, de manera reglamentada, el papel el Foro Anticrisis de La Laguna, que naci\u00f3 en 2009 con el claro objetivo de establecer un espacio abierto de reflexi\u00f3n, debate y de generaci\u00f3n de ideas que promueva el impulso del municipio. Fue distinguido con el Premio a la Creatividad Social de la Universidad de La Laguna (diciembre de 2012), como reconocimiento a su innovadora apuesta por la participaci\u00f3n social y por su capacidad demostrada para aportar ideas originales beneficiosas para el municipio.<br \/>\n*Nota de prensa y fotograf\u00eda cedidas por el gabinete de comunicaci\u00f3n del Ayuntamiento de La Laguna\n<\/div>\n<\/div>\n","protected":false},"excerpt":{"rendered":"<p>Organizaciones sociales, culturales, empresariales, sindicales, pol\u00edticas y acad\u00e9micas constituyen este nuevo \u00f3rgano consultivo y de debate sobre asuntos estrat\u00e9gicos para el municipio. Dicho \u00f3rgano recoge el testigo del Foro Anticrisis de La Laguna, ya disuelto.<\/p>\n","protected":false},"author":1,"featured_media":17749,"comment_status":"closed","ping_status":"closed","sticky":false,"template":"","format":"standard","meta":{"footnotes":""},"categories":[3],"tags":[173,1353],"featured_image_thumbnail_url":"https:\/\/fg.ull.es\/hemeroteca\/wp-content\/uploads\/sites\/14\/2015\/06\/un_instante_de_la_reunion_de_este_martesjpg-300x200.jpg","_links":{"self":[{"href":"https:\/\/fg.ull.es\/hemeroteca\/wp-json\/wp\/v2\/posts\/17748"}],"collection":[{"href":"https:\/\/fg.ull.es\/hemeroteca\/wp-json\/wp\/v2\/posts"}],"about":[{"href":"https:\/\/fg.ull.es\/hemeroteca\/wp-json\/wp\/v2\/types\/post"}],"author":[{"embeddable":true,"href":"https:\/\/fg.ull.es\/hemeroteca\/wp-json\/wp\/v2\/users\/1"}],"replies":[{"embeddable":true,"href":"https:\/\/fg.ull.es\/hemeroteca\/wp-json\/wp\/v2\/comments?post=17748"}],"version-history":[{"count":0,"href":"https:\/\/fg.ull.es\/hemeroteca\/wp-json\/wp\/v2\/posts\/17748\/revisions"}],"wp:featuredmedia":[{"embeddable":true,"href":"https:\/\/fg.ull.es\/hemeroteca\/wp-json\/wp\/v2\/media\/17749"}],"wp:attachment":[{"href":"https:\/\/fg.ull.es\/hemeroteca\/wp-json\/wp\/v2\/media?parent=17748"}],"wp:term":[{"taxonomy":"category","embeddable":true,"href":"https:\/\/fg.ull.es\/hemeroteca\/wp-json\/wp\/v2\/categories?post=17748"},{"taxonomy":"post_tag","embeddable":true,"href":"https:\/\/fg.ull.es\/hemeroteca\/wp-json\/wp\/v2\/tags?post=17748"}],"curies":[{"name":"wp","href":"https:\/\/api.w.org\/{rel}","templated":true}]}}