{"id":17743,"date":"2015-04-24T10:07:12","date_gmt":"2015-04-24T10:07:12","guid":{"rendered":"http:\/\/www.fg.ull.es\/?p=17743"},"modified":"2015-04-24T10:07:12","modified_gmt":"2015-04-24T10:07:12","slug":"la-jornada-informativa-invierte-tu-talento-acercara-la-innovacion-y-la-tecnologia-a-estudiantes-y-personas-tituladas","status":"publish","type":"post","link":"https:\/\/fg.ull.es\/hemeroteca\/2015\/04\/24\/la-jornada-informativa-invierte-tu-talento-acercara-la-innovacion-y-la-tecnologia-a-estudiantes-y-personas-tituladas\/","title":{"rendered":"La jornada informativa &#039;INvierte tu Talento&#039; acercar\u00e1 la innovaci\u00f3n y la tecnolog\u00eda a estudiantes y personas tituladas"},"content":{"rendered":"<h1>La jornada informativa &#8216;INvierte tu Talento&#8217; acercar\u00e1 la innovaci\u00f3n y la tecnolog\u00eda a estudiantes y personas tituladas<\/h1>\n<p>&nbsp;<\/p>\n<h4>Se celebrar\u00e1 el pr\u00f3ximo 6 de mayo de 9 a 13 horas en el Aula Magna de las Secciones de Matem\u00e1ticas y F\u00edsica de la ULL.Est\u00e1 promovida por el Parque Cient\u00edfico y Tecnol\u00f3gico de Tenerife y organizada por la Universidad de La Laguna y su Fundaci\u00f3n General. <i><br \/>\n<\/i><\/h4>\n<p>&nbsp;<br \/>\nLa jornada informativa \u2018Invierte tu Talento\u2019, promovida por el Parque Cient\u00edfico y Tecnol\u00f3gico de Tenerife y organizada por la Universidad de La Laguna y su Fundaci\u00f3n General, se celebrar\u00e1 el pr\u00f3ximo 6 de mayo de 9 a 13 horas en el Aula Magna de las Secciones de Matem\u00e1ticas y F\u00edsica de la ULL. Su objetivo es acercar la innovaci\u00f3n y la tecnolog\u00eda a los\/as estudiantes y personas reci\u00e9n tituladas.<br \/>\nLa jornada comenzar\u00e1 con un breve coloquio explicando los servicios que se prestan desde el Parque Cient\u00edfico y Tecnol\u00f3gico de Tenerife, la incorporaci\u00f3n del talento a las empresas y se expondr\u00e1 un caso de \u00e9xito. \u00a0Tambi\u00e9n se impartir\u00e1n en paralelo una serie de cuatro talleres abiertos y gratuitos relacionados con la innovaci\u00f3n y la tecnolog\u00eda. Estar\u00e1 impartidos por Jacob Rodr\u00edguez, ingeniero t\u00e9cnico inform\u00e1tico de sistemas y t\u00e9cnico de telecomunicaciones, y Jos\u00e9 Frech\u00edn, socio fundador de M\u00e9triz Canarias SL y especialista en comunicaci\u00f3n digital.<br \/>\nEstos talleres ser\u00e1n ofrecidos al profesorado universitario para que, durante el periodo lectivo, conecten en directo v\u00eda streaming con los talleres que sean de su inter\u00e9s. Tendr\u00e1n una duraci\u00f3n m\u00e1xima de cincuenta minutos, son los siguientes:<\/p>\n<ul>\n<li>\u00a0<a href=\"https:\/\/sede.fg.ull.es\/es\/curso\/detalle\/a15230217\/\">Software libre para la gesti\u00f3n de empresas<\/a>, impartido por Jacob Rodr\u00edguez. Se dar\u00e1n a conocer y probar diferentes aplicaciones de c\u00f3digo libre \u00fatiles para la empresa. Se desarrollar\u00e1 de 11:10 a 12:00 en el aula 21.<\/li>\n<li><a href=\"https:\/\/sede.fg.ull.es\/es\/curso\/detalle\/a15230220\/\">Marketing Digital: tendencias<\/a>, impartido por Jos\u00e9 Frech\u00edn. Se repasar\u00e1n las \u00faltimas tendencias y utilidades en marketing digital. Se impartir\u00e1 en el mismo horario que el taller anterior, de 11:10 a 12:00 horas, en el aula 22.<\/li>\n<li><a href=\"https:\/\/sede.fg.ull.es\/es\/curso\/detalle\/a15230219\/\">Software libre para la gesti\u00f3n de equipos<\/a>, impartido por Jacob Rodr\u00edguez. Al igual que en el primer taller, se dar\u00e1n conocer y probar diferentes aplicaciones de c\u00f3digo libre \u00fatiles, pero en esta ocasi\u00f3n para para la gesti\u00f3n de personas. Tambi\u00e9n tendr\u00e1 lugar en el aula 21, pero en horario de 12:10 a 13:00 horas.<\/li>\n<li><a href=\"https:\/\/sede.fg.ull.es\/es\/curso\/detalle\/a15230221\/\">Las Redes Sociales de la Empresa<\/a>, impartido por Jos\u00e9 Frech\u00edn. Las personas asistentes aprender\u00e1n consejos pr\u00e1cticos para gestionar adecuadamente la identidad de la empresa en las redes sociales. Tendr\u00e1 lugar en el aula 22 de 12:10 a 13:00 horas.<\/li>\n<\/ul>\n<p>M\u00e1s informaci\u00f3n e inscripci\u00f3n haciendo clic encima del nombre de cada uno de los talleres.<br \/>\n<a href=\"http:\/\/www.fg.ull.es\/public\/docs\/1863_c1_invierte_tu_talentoh.pdf\">(Consulta el programa de la jornada aqu\u00ed)<\/a><\/p>\n","protected":false},"excerpt":{"rendered":"<p>Se celebrar\u00e1 el pr\u00f3ximo 6 de mayo de 9 a 13 horas en el Aula Magna de las Secciones de Matem\u00e1ticas y F\u00edsica de la ULL.Est\u00e1 promovida por el Parque Cient\u00edfico y Tecnol\u00f3gico de Tenerife y organizada por la Universidad de La Laguna y su Fundaci\u00f3n General. <\/p>\n","protected":false},"author":1,"featured_media":17746,"comment_status":"closed","ping_status":"closed","sticky":false,"template":"","format":"standard","meta":{"footnotes":""},"categories":[8],"tags":[173,425,672,821,1353,1424],"featured_image_thumbnail_url":"https:\/\/fg.ull.es\/hemeroteca\/wp-content\/uploads\/sites\/14\/2015\/06\/cartel_de_la_jornadapng-214x300.png","_links":{"self":[{"href":"https:\/\/fg.ull.es\/hemeroteca\/wp-json\/wp\/v2\/posts\/17743"}],"collection":[{"href":"https:\/\/fg.ull.es\/hemeroteca\/wp-json\/wp\/v2\/posts"}],"about":[{"href":"https:\/\/fg.ull.es\/hemeroteca\/wp-json\/wp\/v2\/types\/post"}],"author":[{"embeddable":true,"href":"https:\/\/fg.ull.es\/hemeroteca\/wp-json\/wp\/v2\/users\/1"}],"replies":[{"embeddable":true,"href":"https:\/\/fg.ull.es\/hemeroteca\/wp-json\/wp\/v2\/comments?post=17743"}],"version-history":[{"count":0,"href":"https:\/\/fg.ull.es\/hemeroteca\/wp-json\/wp\/v2\/posts\/17743\/revisions"}],"wp:featuredmedia":[{"embeddable":true,"href":"https:\/\/fg.ull.es\/hemeroteca\/wp-json\/wp\/v2\/media\/17746"}],"wp:attachment":[{"href":"https:\/\/fg.ull.es\/hemeroteca\/wp-json\/wp\/v2\/media?parent=17743"}],"wp:term":[{"taxonomy":"category","embeddable":true,"href":"https:\/\/fg.ull.es\/hemeroteca\/wp-json\/wp\/v2\/categories?post=17743"},{"taxonomy":"post_tag","embeddable":true,"href":"https:\/\/fg.ull.es\/hemeroteca\/wp-json\/wp\/v2\/tags?post=17743"}],"curies":[{"name":"wp","href":"https:\/\/api.w.org\/{rel}","templated":true}]}}