{"id":17647,"date":"2015-04-23T12:31:59","date_gmt":"2015-04-23T12:31:59","guid":{"rendered":"http:\/\/www.fg.ull.es\/?p=17647"},"modified":"2015-04-23T12:31:59","modified_gmt":"2015-04-23T12:31:59","slug":"cuarenta-potenciales-emprendedores-se-interesan-por-el-marketing-digital-en-la-tercera-pildora-formativa-de-emprende-lalaguna","status":"publish","type":"post","link":"https:\/\/fg.ull.es\/hemeroteca\/2015\/04\/23\/cuarenta-potenciales-emprendedores-se-interesan-por-el-marketing-digital-en-la-tercera-pildora-formativa-de-emprende-lalaguna\/","title":{"rendered":"Cuarenta potenciales emprendedores se interesan por el marketing digital en la tercera p\u00edldora formativa de Emprende.LaLaguna"},"content":{"rendered":"<h1>Cuarenta potenciales emprendedores se interesan por el marketing digital en la tercera p\u00edldora formativa de Emprende.LaLaguna<\/h1>\n<h4><\/h4>\n<h4>Esta acci\u00f3n formativa tuvo lugar ayer, 22 de abril, en el aulario de la Fundaci\u00f3n General de la ULL. La formaci\u00f3n, que estuvo orientada a c\u00f3mo promocionar un negocio en Internet, reuni\u00f3 a personas que en su mayor\u00eda tienen un proyecto empresarial en marcha o en fase de creaci\u00f3n.<\/h4>\n<p>&nbsp;<br \/>\nLa tercera p\u00edldora del proyecto Emprende.LaLaguna se celebr\u00f3 ayer, 22 de abril, en el aulario de la Fundaci\u00f3n General de la ULL y estuvo dedicada al marketing digital y a c\u00f3mo promocionar un negocio en Internet. En esta acci\u00f3n formativa se cont\u00f3 con la asistencia de cuarenta potenciales emprendedores, que tienen un proyecto empresarial en marcha o en fase de creaci\u00f3n.<br \/>\nEsta p\u00edldora formativa ha generado un gran inter\u00e9s, ya que d\u00edas antes de celebrarse se hab\u00edan agotado todas las plazas. En ella, las personas asistentes se mostraron interesadas en aprovechar las oportunidades que ofrece Internet para promocionar sus proyectos empresariales o negocios, as\u00ed como el uso social que tiene la web hoy en d\u00eda.<br \/>\nLa formaci\u00f3n estuvo impartida por Jacob Celso Rodr\u00edguez Torres, consultor web y en captaci\u00f3n de clientes y desarrollador de proyectos en Internet. \u00c9l fue el encargado de dar a conocer a los asistentes las diferentes plataformas disponibles para promocionar un negocio de manera eficiente. Adem\u00e1s, tambi\u00e9n explic\u00f3 las estrategias b\u00e1sicas para conseguir atraer al cliente con una buena campa\u00f1a de marketing online.<br \/>\nLa pr\u00f3xima sesi\u00f3n del \u2018Ciclo de P\u00edldoras Formativas\u2019 de Emprende.LaLaguna se celebrar\u00e1 el 6 de mayo, de 16:30 a 19:30 horas, en el aulario de la Fundaci\u00f3n. Bajo la denominaci\u00f3n \u201cCrear con Poowton\u201d e impartida por Marcos Ruiz Abad de Ruisaba, se aprender\u00e1 a crear presentaciones animadas con el fin de aportar un a\u00f1adido extra en las campa\u00f1as de comunicaci\u00f3n digital.<br \/>\n<a href=\"https:\/\/sede.fg.ull.es\/es\/emprendimiento\/detalle\/a14230093\/pildora-formativa-crear-con-powtoon\">(M\u00e1s informaci\u00f3n e inscripci\u00f3n aqu\u00ed)<\/a><\/p>\n","protected":false},"excerpt":{"rendered":"<p>Esta acci\u00f3n formativa tuvo lugar ayer, 22 de abril, en el aulario de la Fundaci\u00f3n General de la ULL. La formaci\u00f3n, que estuvo orientada a c\u00f3mo promocionar un negocio en Internet, reuni\u00f3 a personas que en su mayor\u00eda tienen un proyecto empresarial en marcha o en fase de creaci\u00f3n.<\/p>\n","protected":false},"author":1,"featured_media":17651,"comment_status":"closed","ping_status":"closed","sticky":false,"template":"","format":"standard","meta":{"footnotes":""},"categories":[3],"tags":[173,533,541,672,1353,1424],"featured_image_thumbnail_url":"https:\/\/fg.ull.es\/hemeroteca\/wp-content\/uploads\/sites\/14\/2015\/06\/el_ponente_jacob_celso_rodriguez_torres_explico_las_claves_para_promocionar_un_negocio_en_internetjpg-300x151.jpg","_links":{"self":[{"href":"https:\/\/fg.ull.es\/hemeroteca\/wp-json\/wp\/v2\/posts\/17647"}],"collection":[{"href":"https:\/\/fg.ull.es\/hemeroteca\/wp-json\/wp\/v2\/posts"}],"about":[{"href":"https:\/\/fg.ull.es\/hemeroteca\/wp-json\/wp\/v2\/types\/post"}],"author":[{"embeddable":true,"href":"https:\/\/fg.ull.es\/hemeroteca\/wp-json\/wp\/v2\/users\/1"}],"replies":[{"embeddable":true,"href":"https:\/\/fg.ull.es\/hemeroteca\/wp-json\/wp\/v2\/comments?post=17647"}],"version-history":[{"count":0,"href":"https:\/\/fg.ull.es\/hemeroteca\/wp-json\/wp\/v2\/posts\/17647\/revisions"}],"wp:featuredmedia":[{"embeddable":true,"href":"https:\/\/fg.ull.es\/hemeroteca\/wp-json\/wp\/v2\/media\/17651"}],"wp:attachment":[{"href":"https:\/\/fg.ull.es\/hemeroteca\/wp-json\/wp\/v2\/media?parent=17647"}],"wp:term":[{"taxonomy":"category","embeddable":true,"href":"https:\/\/fg.ull.es\/hemeroteca\/wp-json\/wp\/v2\/categories?post=17647"},{"taxonomy":"post_tag","embeddable":true,"href":"https:\/\/fg.ull.es\/hemeroteca\/wp-json\/wp\/v2\/tags?post=17647"}],"curies":[{"name":"wp","href":"https:\/\/api.w.org\/{rel}","templated":true}]}}