{"id":17643,"date":"2015-04-23T12:30:13","date_gmt":"2015-04-23T12:30:13","guid":{"rendered":"http:\/\/www.fg.ull.es\/?p=17643"},"modified":"2015-04-23T12:30:13","modified_gmt":"2015-04-23T12:30:13","slug":"la-facultad-de-ciencias-de-la-salud-celebra-la-xxiii-edicion-de-su-congreso-de-estudiantes","status":"publish","type":"post","link":"https:\/\/fg.ull.es\/hemeroteca\/2015\/04\/23\/la-facultad-de-ciencias-de-la-salud-celebra-la-xxiii-edicion-de-su-congreso-de-estudiantes\/","title":{"rendered":"La Facultad de Ciencias de la Salud celebra la XXIII edici\u00f3n de su Congreso de Estudiantes"},"content":{"rendered":"<h1>La Facultad de Ciencias de la Salud celebra la XXIII edici\u00f3n de su Congreso de Estudiantes<\/h1>\n<p>&nbsp;<\/p>\n<h4>La Facultad de Ciencias de la Salud de la Universidad de La Laguna celebrar\u00e1 la vig\u00e9simo tercera edici\u00f3n de su congreso de estudiantes, que comienza hoy, jueves 23 de abril y se extender\u00e1 hasta ma\u00f1ana, d\u00eda 24.<\/h4>\n<p>&nbsp;<br \/>\nLa Facultad de Ciencias de la Salud de la Universidad de La Laguna celebrar\u00e1 la vig\u00e9simo tercera edici\u00f3n de su congreso de estudiantes, que comienza hoy, jueves 23 de abril y se extender\u00e1 hasta ma\u00f1ana, d\u00eda 24. En esta ocasi\u00f3n el encuentro se centrar\u00e1 especialmente en la titulaci\u00f3n de Medicina y consistir\u00e1 mayoritariamente en presentaciones de trabajos del alumnado, si bien el viernes 24 a las 16 horas el doctor y voluntario de M\u00e9dicos sin Fronteras Jos\u00e9 Miguel S\u00e1nchez Gir\u00f3n dictar\u00e1 una conferencia en la que relatar\u00e1 su experiencia en esta organizaci\u00f3n no gubernamental.<br \/>\nEl congreso ha sido \u00edntegramente organizado y gestionado por el alumnado, aunque ha contado con la asesor\u00eda de profesores del centro como Tom\u00e1s Gonz\u00e1lez, quien explica que, en esta ocasi\u00f3n, las comunicaciones presentadas al congreso tambi\u00e9n podr\u00e1n ser evaluables dentro de la asignatura \u201cTrabajo Fin de Grado\u201d.<br \/>\nPor ello, la preparaci\u00f3n de los trabajos comenz\u00f3 en octubre de 2014, asignando tutores a cada grupo de participantes. Tanta antelaci\u00f3n se debe, como explica el profesor, a que en muchos casos los proyectos propuestos por el alumnado deb\u00edan pasar previamente por un dictamen del comit\u00e9 de \u00e9tica, ya que pod\u00eda conllevar pr\u00e1cticas con pacientes o animales.<br \/>\nDe este modo, se han registrado 90 comunicaciones, elaboradas por unos 220 estudiantes. Tal cantidad de trabajos presentados ha obligado a celebrar nada menos que nueve sesiones de comunicaciones, que se desarrollar\u00e1n simult\u00e1neamente en tandas de tres a la vez en las aulas 1, 2 y 4 de la Secci\u00f3n de Medicina.<br \/>\nDurante el congreso, el viernes 24 a las 12 horas tambi\u00e9n se har\u00e1 p\u00fablico el fallo de la s\u00e9ptima edici\u00f3n del concurso de fotograf\u00eda Fotolog\u00eda, abierto a alumnado de Ciencias de la Salud.<br \/>\n*Nota cedida por el gabinete de comunicaci\u00f3n de la ULL<\/p>\n","protected":false},"excerpt":{"rendered":"<p>La Facultad de Ciencias de la Salud de la Universidad de La Laguna celebrar\u00e1 la vig\u00e9simo tercera edici\u00f3n de su congreso de estudiantes, que comienza hoy, jueves 23 de abril y se extender\u00e1 hasta ma\u00f1ana, d\u00eda 24.<\/p>\n","protected":false},"author":1,"featured_media":17645,"comment_status":"closed","ping_status":"closed","sticky":false,"template":"","format":"standard","meta":{"footnotes":""},"categories":[8],"tags":[173,821,862,1353,1424],"featured_image_thumbnail_url":"https:\/\/fg.ull.es\/hemeroteca\/wp-content\/uploads\/sites\/14\/2015\/06\/cartel_del_congresojpg-300x169.jpg","_links":{"self":[{"href":"https:\/\/fg.ull.es\/hemeroteca\/wp-json\/wp\/v2\/posts\/17643"}],"collection":[{"href":"https:\/\/fg.ull.es\/hemeroteca\/wp-json\/wp\/v2\/posts"}],"about":[{"href":"https:\/\/fg.ull.es\/hemeroteca\/wp-json\/wp\/v2\/types\/post"}],"author":[{"embeddable":true,"href":"https:\/\/fg.ull.es\/hemeroteca\/wp-json\/wp\/v2\/users\/1"}],"replies":[{"embeddable":true,"href":"https:\/\/fg.ull.es\/hemeroteca\/wp-json\/wp\/v2\/comments?post=17643"}],"version-history":[{"count":0,"href":"https:\/\/fg.ull.es\/hemeroteca\/wp-json\/wp\/v2\/posts\/17643\/revisions"}],"wp:featuredmedia":[{"embeddable":true,"href":"https:\/\/fg.ull.es\/hemeroteca\/wp-json\/wp\/v2\/media\/17645"}],"wp:attachment":[{"href":"https:\/\/fg.ull.es\/hemeroteca\/wp-json\/wp\/v2\/media?parent=17643"}],"wp:term":[{"taxonomy":"category","embeddable":true,"href":"https:\/\/fg.ull.es\/hemeroteca\/wp-json\/wp\/v2\/categories?post=17643"},{"taxonomy":"post_tag","embeddable":true,"href":"https:\/\/fg.ull.es\/hemeroteca\/wp-json\/wp\/v2\/tags?post=17643"}],"curies":[{"name":"wp","href":"https:\/\/api.w.org\/{rel}","templated":true}]}}