{"id":17637,"date":"2015-04-23T12:24:30","date_gmt":"2015-04-23T12:24:30","guid":{"rendered":"http:\/\/www.fg.ull.es\/?p=17637"},"modified":"2015-04-23T12:24:30","modified_gmt":"2015-04-23T12:24:30","slug":"la-segunda-edicion-de-la-escuela-de-empleo-comienza-su-actividad-manana-con-un-acto-de-apertura","status":"publish","type":"post","link":"https:\/\/fg.ull.es\/hemeroteca\/2015\/04\/23\/la-segunda-edicion-de-la-escuela-de-empleo-comienza-su-actividad-manana-con-un-acto-de-apertura\/","title":{"rendered":"La segunda edici\u00f3n de la &#039;Escuela de Empleo&#039; comienza su actividad ma\u00f1ana con un acto de apertura"},"content":{"rendered":"<h1>La segunda edici\u00f3n de la &#8216;Escuela de Empleo&#8217; comienza su actividad ma\u00f1ana con un acto de apertura<\/h1>\n<h4><\/h4>\n<h4>La presentaci\u00f3n de esta segunda edici\u00f3n del proyecto tendr\u00e1 lugar ma\u00f1ana, 24 de abril, a las 11 horas en el aula 12 de la Fundaci\u00f3n General de la ULL. En este acto de apertura se dar\u00e1 a conocer a las personas beneficiarias todo el itinerario formativo, se presentar\u00e1 a los docentes y se dar\u00e1n detalles sobre las acciones de orientaci\u00f3n.<\/h4>\n<p>&nbsp;<br \/>\nLa segunda edici\u00f3n de la \u2018Escuela de Empleo\u2019 de la Fundaci\u00f3n General de la Universidad de La Laguna comenzar\u00e1 ma\u00f1ana [24 de abril] con un acto inaugural en el que se realizar\u00e1 una presentaci\u00f3n al alumnado del programa que se desarrollar\u00e1 en los pr\u00f3ximos meses. Las personas beneficiarias podr\u00e1n conocer todo el itinerario formativo que se seguir\u00e1, as\u00ed como las programaciones temporalizadas de cada m\u00f3dulo. Tambi\u00e9n se realizar\u00e1 una presentaci\u00f3n de los\/as docentes participantes y se detallar\u00e1n las acciones de orientaci\u00f3n que se llevar\u00e1n a cabo, que tienen como objetivo apoyar la b\u00fasqueda de empleo del alumnado a trav\u00e9s del an\u00e1lisis de su perfil profesional. A partir de la pr\u00f3xima semana se llevar\u00e1n a cabo las tutor\u00edas de orientaci\u00f3n individualizadas, que permitir\u00e1n iniciar las acciones adecuadas para la b\u00fasqueda de empleo. Por su parte, las clases comenzar\u00e1n el pr\u00f3ximo 4 de mayo.<br \/>\nLa \u2018Escuela de Empleo\u2019 conjugar\u00e1 formaci\u00f3n especializada y orientaci\u00f3n para facilitar el acceso al empleo a sus participantes. La formaci\u00f3n ser\u00e1 de car\u00e1cter semipresencial y se impartir\u00e1 con una metodolog\u00eda fundamentalmente pr\u00e1ctica. En esta edici\u00f3n tendr\u00e1 una duraci\u00f3n total de 304 horas (140 presenciales, 100 de pr\u00e1cticas en empresa y 64 online), y se desarrollar\u00e1 entre los meses de mayo y julio. El programa formativo estar\u00e1 compuesto por seis m\u00f3dulos relacionados con la orientaci\u00f3n laboral y las competencias para el puesto de trabajo, el automarketing, la ofim\u00e1tica y la empleabilidad 2.0, as\u00ed como el \u00a0ingl\u00e9s para el empleo. Tambi\u00e9n se organizar\u00e1n diferentes seminarios para contenidos m\u00e1s concretos, que ser\u00e1n impartidos por empresarios o profesionales especializados.<br \/>\nAdem\u00e1s del programa formativo, durante toda la iniciativa se ofrecer\u00e1 atenci\u00f3n personalizada a las personas participantes mediante tutor\u00edas de orientaci\u00f3n, en las que se realizar\u00e1 y desarrollar\u00e1 un itinerario de inserci\u00f3n individualizado. Por \u00faltimo, se contempla un periodo de inserci\u00f3n donde, de manera aut\u00f3noma, el alumnado continuar\u00e1 con su itinerario a trav\u00e9s de una b\u00fasqueda activa de empleo.<br \/>\nEsta iniciativa tiene como objetivo la mejora de la empleabilidad de personas sin experiencia laboral, fomentando la adquisici\u00f3n de competencias transversales, promoviendo la b\u00fasqueda activa de empleo, potenciando el desarrollo de sus carreras profesionales y facilitando la inserci\u00f3n.<\/p>\n","protected":false},"excerpt":{"rendered":"<p>La presentaci\u00f3n de esta segunda edici\u00f3n del proyecto tendr\u00e1 lugar ma\u00f1ana, 24 de abril, a las 11 horas en el aula 12 de la Fundaci\u00f3n General de la ULL. En este acto de apertura se dar\u00e1 a conocer a las personas beneficiarias todo el itinerario formativo, se presentar\u00e1 a los docentes y se dar\u00e1n detalles sobre las acciones de orientaci\u00f3n.<\/p>\n","protected":false},"author":1,"featured_media":17641,"comment_status":"closed","ping_status":"closed","sticky":false,"template":"","format":"standard","meta":{"footnotes":""},"categories":[3],"tags":[173,518,671,672,1353,1424],"featured_image_thumbnail_url":"https:\/\/fg.ull.es\/hemeroteca\/wp-content\/uploads\/sites\/14\/2015\/06\/cartel_de_la_escuela_de_empleojpg-300x174.jpg","_links":{"self":[{"href":"https:\/\/fg.ull.es\/hemeroteca\/wp-json\/wp\/v2\/posts\/17637"}],"collection":[{"href":"https:\/\/fg.ull.es\/hemeroteca\/wp-json\/wp\/v2\/posts"}],"about":[{"href":"https:\/\/fg.ull.es\/hemeroteca\/wp-json\/wp\/v2\/types\/post"}],"author":[{"embeddable":true,"href":"https:\/\/fg.ull.es\/hemeroteca\/wp-json\/wp\/v2\/users\/1"}],"replies":[{"embeddable":true,"href":"https:\/\/fg.ull.es\/hemeroteca\/wp-json\/wp\/v2\/comments?post=17637"}],"version-history":[{"count":0,"href":"https:\/\/fg.ull.es\/hemeroteca\/wp-json\/wp\/v2\/posts\/17637\/revisions"}],"wp:featuredmedia":[{"embeddable":true,"href":"https:\/\/fg.ull.es\/hemeroteca\/wp-json\/wp\/v2\/media\/17641"}],"wp:attachment":[{"href":"https:\/\/fg.ull.es\/hemeroteca\/wp-json\/wp\/v2\/media?parent=17637"}],"wp:term":[{"taxonomy":"category","embeddable":true,"href":"https:\/\/fg.ull.es\/hemeroteca\/wp-json\/wp\/v2\/categories?post=17637"},{"taxonomy":"post_tag","embeddable":true,"href":"https:\/\/fg.ull.es\/hemeroteca\/wp-json\/wp\/v2\/tags?post=17637"}],"curies":[{"name":"wp","href":"https:\/\/api.w.org\/{rel}","templated":true}]}}