{"id":17635,"date":"2015-04-23T12:22:56","date_gmt":"2015-04-23T12:22:56","guid":{"rendered":"http:\/\/www.fg.ull.es\/?p=17635"},"modified":"2015-04-23T12:22:56","modified_gmt":"2015-04-23T12:22:56","slug":"segundo-listado-provisional-de-la-convocatoria-para-la-seleccion-de-una-beca-de-investigacion-con-cargo-al-proyecto-datos-platino","status":"publish","type":"post","link":"https:\/\/fg.ull.es\/hemeroteca\/2015\/04\/23\/segundo-listado-provisional-de-la-convocatoria-para-la-seleccion-de-una-beca-de-investigacion-con-cargo-al-proyecto-datos-platino\/","title":{"rendered":"Segundo listado provisional de la convocatoria para la selecci\u00f3n de una beca de investigaci\u00f3n con cargo al proyecto &#039;Datos Platino&#039;"},"content":{"rendered":"<h1>Segundo listado provisional de la convocatoria para la selecci\u00f3n de una beca de investigaci\u00f3n con cargo al proyecto &#8216;Datos Platino&#8217;<\/h1>\n<p>&nbsp;<\/p>\n<h4>Finalizada la segunda fase del proceso selectivo se procede a publicar el segundo listado provisional de aceptados\/as en el proceso de selecci\u00f3n de un\/a becario\/a para cubrir una plaza de beca formativa de investigaci\u00f3n con cargo al proyecto &#8216;Datos Platino&#8217;.<\/h4>\n<p>&nbsp;<br \/>\nA partir de este momento comienza el periodo de eventuales alegaciones que finalizar\u00e1 el pr\u00f3ximo d\u00eda 23 de abril de 2015. Finalizado \u00e9ste y resueltas las alegaciones, se proceder\u00e1 a publicar el segundo listado definitivo con la confecci\u00f3n de la bolsa.<br \/>\nLas alegaciones \u00fanica y exclusivamente se podr\u00e1n presentar telem\u00e1ticamente al correo electr\u00f3nico seleccion@fg.ull.es y utilizando el siguiente documento normalizado: <a title=\"Alegaciones\" href=\"https:\/\/www.google.es\/url?sa=t&amp;rct=j&amp;q=&amp;esrc=s&amp;source=web&amp;cd=6&amp;cad=rja&amp;uact=8&amp;ved=0CDwQFjAF&amp;url=http:\/\/www.fg.ull.es\/public\/docs\/1708_vo_alegaciones.docx&amp;ei=FNc4VbynKcTV7gbkmIHQCA&amp;usg=AFQjCNGPVly_sqbb-bGszcMSLMrvpthWnQ&amp;bvm=bv.91427555,d.ZGU\" target=\"_blank\" rel=\"noopener noreferrer\">documento de alegaciones<\/a>.<br \/>\nPara la valoraci\u00f3n de todas y cada una de las candidaturas, y de los futuros procesos, se ha tomado como fundamento lo especificado en:<\/p>\n<ul>\n<li><a title=\"Bases Generales\" href=\"http:\/\/www.fg.ull.es\/public\/docs\/1824_6j_bases_generales_becas_formativas_de_investigacin.pdf\" target=\"_blank\" rel=\"noopener noreferrer\">Bases Generales<\/a><\/li>\n<li><a title=\"Perfil Singular\" href=\"http:\/\/www.fg.ull.es\/public\/docs\/1825_3i_perfil_singular_datos_platino.pdf\" target=\"_blank\" rel=\"noopener noreferrer\">Perfil Singular<\/a><\/li>\n<\/ul>\n<p>Puede ver el segundo listado provisional <a title=\"2\u00ba List Prov\" href=\"http:\/\/www.fg.ull.es\/public\/docs\/1862_o1_2_listado_provisional.pdf\" target=\"_blank\" rel=\"noopener noreferrer\">aqu\u00ed<\/a>.<\/p>\n","protected":false},"excerpt":{"rendered":"<p>Finalizada la segunda fase del proceso selectivo se procede a publicar el segundo listado provisional de aceptados\/as en el proceso de selecci\u00f3n de un\/a becario\/a para cubrir una plaza de beca formativa de investigaci\u00f3n con cargo al proyecto &#8216;Datos Platino&#8217;. <\/p>\n","protected":false},"author":1,"featured_media":0,"comment_status":"closed","ping_status":"closed","sticky":false,"template":"","format":"standard","meta":{"footnotes":""},"categories":[2],"tags":[173,230,518,1066,1353,1424],"featured_image_thumbnail_url":null,"_links":{"self":[{"href":"https:\/\/fg.ull.es\/hemeroteca\/wp-json\/wp\/v2\/posts\/17635"}],"collection":[{"href":"https:\/\/fg.ull.es\/hemeroteca\/wp-json\/wp\/v2\/posts"}],"about":[{"href":"https:\/\/fg.ull.es\/hemeroteca\/wp-json\/wp\/v2\/types\/post"}],"author":[{"embeddable":true,"href":"https:\/\/fg.ull.es\/hemeroteca\/wp-json\/wp\/v2\/users\/1"}],"replies":[{"embeddable":true,"href":"https:\/\/fg.ull.es\/hemeroteca\/wp-json\/wp\/v2\/comments?post=17635"}],"version-history":[{"count":0,"href":"https:\/\/fg.ull.es\/hemeroteca\/wp-json\/wp\/v2\/posts\/17635\/revisions"}],"wp:attachment":[{"href":"https:\/\/fg.ull.es\/hemeroteca\/wp-json\/wp\/v2\/media?parent=17635"}],"wp:term":[{"taxonomy":"category","embeddable":true,"href":"https:\/\/fg.ull.es\/hemeroteca\/wp-json\/wp\/v2\/categories?post=17635"},{"taxonomy":"post_tag","embeddable":true,"href":"https:\/\/fg.ull.es\/hemeroteca\/wp-json\/wp\/v2\/tags?post=17635"}],"curies":[{"name":"wp","href":"https:\/\/api.w.org\/{rel}","templated":true}]}}