{"id":17450,"date":"2015-04-22T13:13:51","date_gmt":"2015-04-22T13:13:51","guid":{"rendered":"http:\/\/www.fg.ull.es\/?p=17450"},"modified":"2015-04-22T13:13:51","modified_gmt":"2015-04-22T13:13:51","slug":"los-universitarios-canarios-pueden-mostrar-su-creatividad-y-compromiso-con-el-medio-ambiente-a-traves-del-primer-concurso-crea-y-recicla","status":"publish","type":"post","link":"https:\/\/fg.ull.es\/hemeroteca\/2015\/04\/22\/los-universitarios-canarios-pueden-mostrar-su-creatividad-y-compromiso-con-el-medio-ambiente-a-traves-del-primer-concurso-crea-y-recicla\/","title":{"rendered":"Los universitarios canarios pueden mostrar su creatividad y compromiso con el medio ambiente a trav\u00e9s del primer concurso &#039;Crea y Recicla&#039;"},"content":{"rendered":"<h1>Los universitarios canarios pueden mostrar su creatividad y compromiso con el medio ambiente a trav\u00e9s del primer concurso &#8216;Crea y Recicla&#8217;<\/h1>\n<p>&nbsp;<\/p>\n<h4>El concurso &#8216;Crea y recicla&#8217; da la oportunidad a los j\u00f3venes de las dos universidades canarias de mostrar sus habilidades creativas y su compromiso con el h\u00e1bito del reciclaje y los beneficios de aplicar las 3R: Reducir, Reutilizar y Reciclar, a trav\u00e9s de la creaci\u00f3n de una pieza audiovisual de 120 segundos de duraci\u00f3n.<\/h4>\n<p>&nbsp;<br \/>\nEste a\u00f1o se celebra la 1\u00aa edici\u00f3n del concurso &#8216;Crea y recicla&#8217;, en el que j\u00f3venes de las dos universidades canarias podr\u00e1n mostrar sus habilidades creativas y su compromiso con el medio ambiente, a trav\u00e9s de la creaci\u00f3n de un video de 120 segundos de duraci\u00f3n. El plazo de entrega de los trabajos contin\u00faa abierto hasta el 8 de mayo a las 14:00 horas.<br \/>\nEsta iniciativa est\u00e1 promovida por la Fundaci\u00f3n Canarias Recicla en colaboraci\u00f3n con el Gobierno de Canarias, la Fundaci\u00f3n General de la Universidad de La Laguna a trav\u00e9s de la Unidad de Cultura Cient\u00edfica y de la Innovaci\u00f3n, Cienci@ull, los siete Cabildos Insulares y la Fundaci\u00f3n Universitaria de Las Palmas de Gran Canaria.<br \/>\nSu finalidad es lograr una mayor implicaci\u00f3n de los j\u00f3venes en el aumento del reciclaje de envases y embalajes a trav\u00e9s de la co-creaci\u00f3n y del mayor uso del contenedor amarillo; mostrando las ventajas de su uso y concienciando a la poblaci\u00f3n y, sobre todo a los j\u00f3venes, de la problem\u00e1tica de los residuos y de la necesidad de reducirlo y de mejorar su gesti\u00f3n, favoreciendo modelos de conducta sostenibles.<br \/>\nTodo ello transmitiendo de forma cercana las soluciones que emanan de las 3R: Reducir, Reutilizar y Reciclar, que sean aplicables al entorno y enfaticen la capacidad de cambio que poseen los j\u00f3venes. Los v\u00eddeos que se presenten deber\u00e1n grabarse con un Smartphone y compartirse en redes sociales a trav\u00e9s del hashtag #yellowhappypeople.<br \/>\nAdem\u00e1s, para presentar su candidatura, los participantes deber\u00e1n enviar el v\u00eddeo al siguiente correo electr\u00f3nico <a href=\"mailto:ambiental@fundacioncanariasrecicla.org\">ambiental@fundacioncanariasrecicla.org<\/a>, que deber\u00e1 acompa\u00f1arse del formulario de solicitud disponible en la web de la Fundaci\u00f3n Canarias Recicla y de una memoria del trabajo en la que se resuman los objetivos perseguidos, elementos art\u00edsticos usados y cualquier otra informaci\u00f3n que el autor crea importante.<br \/>\nPara m\u00e1s informaci\u00f3n consultar las <a href=\"http:\/\/www.fundacioncanariasrecicla.org\/wp-content\/uploads\/2015\/02\/Bases-Concurso-Crea-y-Recicla.pdf\">bases<\/a>.<br \/>\nSolicitud de inscripci\u00f3n <a href=\"http:\/\/www.fundacioncanariasrecicla.org\/portfolio\/crea-y-recicla-2\/\">aqu\u00ed<\/a>.<\/p>\n","protected":false},"excerpt":{"rendered":"<p>El concurso &#8216;Crea y recicla&#8217; da la oportunidad a los j\u00f3venes de las dos universidades canarias de mostrar sus habilidades creativas y su compromiso con el h\u00e1bito del reciclaje y los beneficios de aplicar las 3R: Reducir, Reutilizar y Reciclar, a trav\u00e9s de la creaci\u00f3n de una pieza audiovisual de 120 segundos de duraci\u00f3n. <\/p>\n","protected":false},"author":1,"featured_media":17451,"comment_status":"closed","ping_status":"closed","sticky":false,"template":"","format":"standard","meta":{"footnotes":""},"categories":[8],"tags":[173,821,1353],"featured_image_thumbnail_url":"https:\/\/fg.ull.es\/hemeroteca\/wp-content\/uploads\/sites\/14\/2015\/06\/cartel_del_concurso_crea_y_reciclajpg-211x300.jpg","_links":{"self":[{"href":"https:\/\/fg.ull.es\/hemeroteca\/wp-json\/wp\/v2\/posts\/17450"}],"collection":[{"href":"https:\/\/fg.ull.es\/hemeroteca\/wp-json\/wp\/v2\/posts"}],"about":[{"href":"https:\/\/fg.ull.es\/hemeroteca\/wp-json\/wp\/v2\/types\/post"}],"author":[{"embeddable":true,"href":"https:\/\/fg.ull.es\/hemeroteca\/wp-json\/wp\/v2\/users\/1"}],"replies":[{"embeddable":true,"href":"https:\/\/fg.ull.es\/hemeroteca\/wp-json\/wp\/v2\/comments?post=17450"}],"version-history":[{"count":0,"href":"https:\/\/fg.ull.es\/hemeroteca\/wp-json\/wp\/v2\/posts\/17450\/revisions"}],"wp:featuredmedia":[{"embeddable":true,"href":"https:\/\/fg.ull.es\/hemeroteca\/wp-json\/wp\/v2\/media\/17451"}],"wp:attachment":[{"href":"https:\/\/fg.ull.es\/hemeroteca\/wp-json\/wp\/v2\/media?parent=17450"}],"wp:term":[{"taxonomy":"category","embeddable":true,"href":"https:\/\/fg.ull.es\/hemeroteca\/wp-json\/wp\/v2\/categories?post=17450"},{"taxonomy":"post_tag","embeddable":true,"href":"https:\/\/fg.ull.es\/hemeroteca\/wp-json\/wp\/v2\/tags?post=17450"}],"curies":[{"name":"wp","href":"https:\/\/api.w.org\/{rel}","templated":true}]}}