{"id":17412,"date":"2015-04-22T12:08:46","date_gmt":"2015-04-22T12:08:46","guid":{"rendered":"http:\/\/www.fg.ull.es\/?p=17412"},"modified":"2015-04-22T12:08:46","modified_gmt":"2015-04-22T12:08:46","slug":"primer-listado-provisional-de-la-convocatoria-para-la-seleccion-de-personal-con-cargo-al-proyecto-intervencion-comunitaria-ici-taco-2014-2017-financiado-por-la-obra-social-la-caixa","status":"publish","type":"post","link":"https:\/\/fg.ull.es\/hemeroteca\/2015\/04\/22\/primer-listado-provisional-de-la-convocatoria-para-la-seleccion-de-personal-con-cargo-al-proyecto-intervencion-comunitaria-ici-taco-2014-2017-financiado-por-la-obra-social-la-caixa\/","title":{"rendered":"Primer listado provisional de la convocatoria para la selecci\u00f3n de personal con cargo al Proyecto &#039;Intervenci\u00f3n Comunitaria ICI-Taco 2014-2017&#039;, financiado por la Obra Social &#039;La Caixa&#039;"},"content":{"rendered":"<h1>Primer listado provisional de la convocatoria para la selecci\u00f3n de personal con cargo al Proyecto &#8216;Intervenci\u00f3n Comunitaria ICI-Taco 2014-2017&#8217;, financiado por la Obra Social &#8216;La Caixa&#8217;<\/h1>\n<p>&nbsp;<\/p>\n<h4>Finalizado el periodo de inscripci\u00f3n y revisadas las candidaturas recibidas, se procede a publicar el primer listado provisional de las candidaturas aceptadas y excluidas, con su correspondiente motivo, en el proceso de selecci\u00f3n de personal con cargo al citado proyecto.<\/h4>\n<p>&nbsp;<br \/>\nA partir de este momento, comienza el periodo de alegaciones que, en ning\u00fan caso, ser\u00e1 per\u00edodo de subsanaci\u00f3n de documentaci\u00f3n. Finalizado \u00e9ste, el d\u00eda 25 de abril de 2015, y resueltas las alegaciones, se proceder\u00e1 a publicar el primer listado definitivo.<br \/>\nLas alegaciones \u00fanica y exclusivamente se podr\u00e1n presentar telem\u00e1ticamente al correo electr\u00f3nico seleccion@fg.ull.es y utilizando el siguiente documento normalizado: <a title=\"Alegaciones\" href=\"https:\/\/www.google.es\/url?sa=t&amp;rct=j&amp;q=&amp;esrc=s&amp;source=web&amp;cd=6&amp;cad=rja&amp;uact=8&amp;ved=0CDwQFjAF&amp;url=http:\/\/www.fg.ull.es\/public\/docs\/1708_vo_alegaciones.docx&amp;ei=epo3VeTgNMfDOdmUgaAD&amp;usg=AFQjCNGPVly_sqbb-bGszcMSLMrvpthWnQ&amp;bvm=bv.91071109,d.ZWU\" target=\"_blank\" rel=\"noopener noreferrer\">documento de alegaciones<\/a>.<br \/>\nPara la valoraci\u00f3n de todas y cada una de las candidaturas, y de los futuros procesos, se ha tomado\/tomar\u00e1 como fundamento lo especificado en:<\/p>\n<ul>\n<li><a title=\"Bases Generales\" href=\"http:\/\/www.fg.ull.es\/public\/docs\/1833_hc_bases_convocatoria_de_seleccion_de_personal.pdf\" target=\"_blank\" rel=\"noopener noreferrer\">Bases Generales<\/a><\/li>\n<li><a title=\"Perfil Singular\" href=\"http:\/\/www.fg.ull.es\/public\/docs\/1834_cz_perfil_singular_descriptor.pdf\" target=\"_blank\" rel=\"noopener noreferrer\">Perfil Singular<\/a><\/li>\n<\/ul>\n<p>Puede ver el listado provisional <a title=\"1er Listado Prov\" href=\"http:\/\/www.fg.ull.es\/public\/docs\/1858_dm_primer_listado_provisional.pdf\" target=\"_blank\" rel=\"noopener noreferrer\">aqu\u00ed<\/a>.<\/p>\n","protected":false},"excerpt":{"rendered":"<p>Finalizado el periodo de inscripci\u00f3n y revisadas las candidaturas recibidas, se procede a publicar el primer listado provisional de las candidaturas aceptadas y excluidas, con su correspondiente motivo, en el proceso de selecci\u00f3n de personal con cargo al citado proyecto. <\/p>\n","protected":false},"author":1,"featured_media":0,"comment_status":"closed","ping_status":"closed","sticky":false,"template":"","format":"standard","meta":{"footnotes":""},"categories":[8],"tags":[173,518,862,1066,1353,1424],"featured_image_thumbnail_url":null,"_links":{"self":[{"href":"https:\/\/fg.ull.es\/hemeroteca\/wp-json\/wp\/v2\/posts\/17412"}],"collection":[{"href":"https:\/\/fg.ull.es\/hemeroteca\/wp-json\/wp\/v2\/posts"}],"about":[{"href":"https:\/\/fg.ull.es\/hemeroteca\/wp-json\/wp\/v2\/types\/post"}],"author":[{"embeddable":true,"href":"https:\/\/fg.ull.es\/hemeroteca\/wp-json\/wp\/v2\/users\/1"}],"replies":[{"embeddable":true,"href":"https:\/\/fg.ull.es\/hemeroteca\/wp-json\/wp\/v2\/comments?post=17412"}],"version-history":[{"count":0,"href":"https:\/\/fg.ull.es\/hemeroteca\/wp-json\/wp\/v2\/posts\/17412\/revisions"}],"wp:attachment":[{"href":"https:\/\/fg.ull.es\/hemeroteca\/wp-json\/wp\/v2\/media?parent=17412"}],"wp:term":[{"taxonomy":"category","embeddable":true,"href":"https:\/\/fg.ull.es\/hemeroteca\/wp-json\/wp\/v2\/categories?post=17412"},{"taxonomy":"post_tag","embeddable":true,"href":"https:\/\/fg.ull.es\/hemeroteca\/wp-json\/wp\/v2\/tags?post=17412"}],"curies":[{"name":"wp","href":"https:\/\/api.w.org\/{rel}","templated":true}]}}