{"id":17408,"date":"2015-04-22T11:59:23","date_gmt":"2015-04-22T11:59:23","guid":{"rendered":"http:\/\/www.fg.ull.es\/?p=17408"},"modified":"2015-04-22T11:59:23","modified_gmt":"2015-04-22T11:59:23","slug":"el-servicio-de-idiomas-de-la-ull-ofrecera-este-verano-cursos-intensivos-de-ingles-y-aleman-para-jovenes","status":"publish","type":"post","link":"https:\/\/fg.ull.es\/hemeroteca\/2015\/04\/22\/el-servicio-de-idiomas-de-la-ull-ofrecera-este-verano-cursos-intensivos-de-ingles-y-aleman-para-jovenes\/","title":{"rendered":"El Servicio de Idiomas de la ULL ofrecer\u00e1 este verano cursos intensivos de ingl\u00e9s y alem\u00e1n para j\u00f3venes"},"content":{"rendered":"<h1>El Servicio de Idiomas de la ULL ofrecer\u00e1 este verano cursos intensivos de ingl\u00e9s y alem\u00e1n para j\u00f3venes<\/h1>\n<p>&nbsp;<\/p>\n<h4>La oferta formativa est\u00e1 dirigida a j\u00f3venes con edades comprendidas entre los 13 y los 17 a\u00f1os. Se trata de cinco cursos de cincuenta horas presenciales que se impartir\u00e1n desde el 22 de junio y finalizar\u00e1n el 30 de julio. La solicitud de preinscripci\u00f3n ya se puede realizar a trav\u00e9s de un formulario web.<\/h4>\n<p>&nbsp;<br \/>\nEl Servicio de Idiomas de la Universidad de La Laguna incluye cinco cursos intensivos de ingl\u00e9s y alem\u00e1n para j\u00f3venes dentro de su oferta formativa para este verano. Se trata de cursos con una duraci\u00f3n de 50 horas presenciales que est\u00e1n dirigidos a \u00a0j\u00f3venes con edades comprendidas entre los 13 y los 17 a\u00f1os. Se celebrar\u00e1n en horario de ma\u00f1ana de lunes a jueves en el aulario de la Fundaci\u00f3n General de la ULL.<br \/>\nLa oferta formativa de cursos para adolescentes est\u00e1 compuesta por tres cursos de ingl\u00e9s de los niveles A2.2 y B1.1 y conversaci\u00f3n, que se celebrar\u00e1n del 22 de junio al 30 de julio; y dos cursos de alem\u00e1n de los niveles A1.1 y A2.2, que se celebrar\u00e1n del 29 de junio al 30 de julio. La inscripci\u00f3n para los cursos de ingl\u00e9s se podr\u00e1 realizar hasta el 17 de junio, mientras que para los cursos de alem\u00e1n estar\u00e1 abierta hasta el 24 de junio. Se realizar\u00e1 prueba de nivel previa para aquellos cursos que no sean b\u00e1sicos (A1.1). Se puede solicitar \u00a0cita aqu\u00ed: <a href=\"https:\/\/sede.fg.ull.es\/es\/idioma\/detalle\/a15050246\/ingles-prueba-de-nivel-para-cursos-de-verano\">ingl\u00e9s<\/a>, <a href=\"https:\/\/sede.fg.ull.es\/es\/idioma\/detalle\/a15050253\/aleman-prueba-de-nivel-para-cursos-de-verano\">alem\u00e1n<\/a>.<br \/>\nEstas actividades formativas est\u00e1n adaptadas a los niveles del <a href=\"http:\/\/www.fg.ull.es\/es\/noticia\/que_es_el_marco_comun_europeo_de_referencia_para_las_lenguas\/430\/\">Marco Europeo de Referencia para las Lenguas\u00a0<\/a>y, en ellas, los j\u00f3venes aprender\u00e1n idiomas bas\u00e1ndose en cuatro conceptos fundamentales: participaci\u00f3n, seguimiento individualizado, conversaci\u00f3n y pr\u00e1ctica continuada. El precio de cada curso ser\u00e1 de 230 euros para el p\u00fablico en general, con descuentos para la comunidad universitaria. Adem\u00e1s, tambi\u00e9n se realizar\u00e1 un 20% de descuento por cursar dos idiomas. Para formalizar la preinscripci\u00f3n para los cursos, los padres deber\u00e1n rellenar el siguiente <a href=\"https:\/\/sede.fg.ull.es\/adolescentesverano15\/es\/Inscripcion\/Add\">formulario de preinscripci\u00f3n.<\/a><i> <\/i><br \/>\nLa relaci\u00f3n de cursos ofertados es la siguiente:<\/p>\n<ul>\n<li><a href=\"https:\/\/sede.fg.ull.es\/es\/idioma\/detalle\/a15050252\/ingles-conversacion-para-adolescentes\">Ingl\u00e9s &#8211; Conversaci\u00f3n<\/a>.<b> \u00a0<\/b>Se impartir\u00e1<b> <\/b>en el aula 9 de la Fundaci\u00f3n de lunes a jueves de 11:30 a 13:30 horas<b>. <\/b>Se requiere nivel de entrada m\u00ednimo B1.2.<\/li>\n<li><a href=\"https:\/\/sede.fg.ull.es\/es\/idioma\/detalle\/a15050250\/ingles-para-adolescentes-a2-2\">Ingl\u00e9s A2.2<\/a>. Tendr\u00e1 lugar de lunes a jueves de 9 a 11 horas en el aula 9 de la Fundaci\u00f3n. Nivel de entrada A2.1<b><\/b><\/li>\n<li><a href=\"https:\/\/sede.fg.ull.es\/es\/idioma\/detalle\/a15050254\/ingles-para-adolescentes-b1-1\">Ingl\u00e9s B1.1<\/a>. Se desarrollar\u00e1 de lunes a jueves de 9 a 11 horas en el aula 7 de la FGULL. Se requiere nivel de entrada m\u00ednimo A2.2.<b><\/b><\/li>\n<li><a href=\"https:\/\/sede.fg.ull.es\/es\/idioma\/detalle\/a15050247\/aleman-para-adolescentes-a1-1\">Alem\u00e1n A1.1<\/a>. Se impartir\u00e1 de lunes a jueves de 12 a 14:30 horas en el aula 5 de la Fundaci\u00f3n. No se requieren conocimientos del idioma.<br \/>\n<a href=\"https:\/\/sede.fg.ull.es\/es\/idioma\/detalle\/a15050248\/aleman-para-adolescentes-a2-2\">Alem\u00e1n A2.2<\/a>. Tendr\u00e1 lugar de lunes a jueves de 9 a 11:30 horas en el aula 5 de la Fundaci\u00f3n. Se requiere nivel de entrada m\u00ednimo A2.1<\/li>\n<\/ul>\n<p>M\u00e1s informaci\u00f3n y matr\u00edcula en la secretar\u00eda de la Fundaci\u00f3n General de la ULL o haciendo clic encima de los nombres de cada curso.<\/p>\n","protected":false},"excerpt":{"rendered":"<p>La oferta formativa est\u00e1 dirigida a j\u00f3venes con edades comprendidas entre los 13 y los 17 a\u00f1os. Se trata de cinco cursos de cincuenta horas presenciales que se impartir\u00e1n desde el 22 de junio y finalizar\u00e1n el 30 de julio. La solicitud de preinscripci\u00f3n ya se puede realizar a trav\u00e9s de un formulario web.  <\/p>\n","protected":false},"author":1,"featured_media":17410,"comment_status":"closed","ping_status":"closed","sticky":false,"template":"","format":"standard","meta":{"footnotes":""},"categories":[5],"tags":[173,425,672,780,1286,1353,1424],"featured_image_thumbnail_url":"https:\/\/fg.ull.es\/hemeroteca\/wp-content\/uploads\/sites\/14\/2015\/06\/PANTALLA_1280X720PX-2-300x169.jpg","_links":{"self":[{"href":"https:\/\/fg.ull.es\/hemeroteca\/wp-json\/wp\/v2\/posts\/17408"}],"collection":[{"href":"https:\/\/fg.ull.es\/hemeroteca\/wp-json\/wp\/v2\/posts"}],"about":[{"href":"https:\/\/fg.ull.es\/hemeroteca\/wp-json\/wp\/v2\/types\/post"}],"author":[{"embeddable":true,"href":"https:\/\/fg.ull.es\/hemeroteca\/wp-json\/wp\/v2\/users\/1"}],"replies":[{"embeddable":true,"href":"https:\/\/fg.ull.es\/hemeroteca\/wp-json\/wp\/v2\/comments?post=17408"}],"version-history":[{"count":0,"href":"https:\/\/fg.ull.es\/hemeroteca\/wp-json\/wp\/v2\/posts\/17408\/revisions"}],"wp:featuredmedia":[{"embeddable":true,"href":"https:\/\/fg.ull.es\/hemeroteca\/wp-json\/wp\/v2\/media\/17410"}],"wp:attachment":[{"href":"https:\/\/fg.ull.es\/hemeroteca\/wp-json\/wp\/v2\/media?parent=17408"}],"wp:term":[{"taxonomy":"category","embeddable":true,"href":"https:\/\/fg.ull.es\/hemeroteca\/wp-json\/wp\/v2\/categories?post=17408"},{"taxonomy":"post_tag","embeddable":true,"href":"https:\/\/fg.ull.es\/hemeroteca\/wp-json\/wp\/v2\/tags?post=17408"}],"curies":[{"name":"wp","href":"https:\/\/api.w.org\/{rel}","templated":true}]}}