{"id":17341,"date":"2015-04-21T09:17:25","date_gmt":"2015-04-21T09:17:25","guid":{"rendered":"http:\/\/www.fg.ull.es\/?p=17341"},"modified":"2015-04-21T09:17:25","modified_gmt":"2015-04-21T09:17:25","slug":"veinte-ciudadanos-laguneros-participan-en-la-primera-edicion-del-taller-gratuito-preparate-para-emprender-que-se-celebra-en-el-municipio","status":"publish","type":"post","link":"https:\/\/fg.ull.es\/hemeroteca\/2015\/04\/21\/veinte-ciudadanos-laguneros-participan-en-la-primera-edicion-del-taller-gratuito-preparate-para-emprender-que-se-celebra-en-el-municipio\/","title":{"rendered":"Veinte ciudadanos laguneros participan en la primera edici\u00f3n del taller gratuito &#039;Prep\u00e1rate para Emprender&#039; que se celebra en el municipio"},"content":{"rendered":"<h1>Veinte ciudadanos laguneros participan en la primera edici\u00f3n del taller gratuito &#8216;Prep\u00e1rate para Emprender&#8217; que se celebra en el municipio<\/h1>\n<p>&nbsp;<\/p>\n<h4>Con esta formaci\u00f3n, que empez\u00f3 a impartirse el 6 de abril, las personas participantes podr\u00e1n madurar su modelo de negocio para implantarlo en el municipio y analizar su viabilidad t\u00e9cnica y econ\u00f3mica. Hasta el momento se est\u00e1 trabajando con diecis\u00e9is proyectos empresariales de distintas tem\u00e1ticas y sectores. <b><i><br \/>\n<\/i><\/b><\/h4>\n<p>&nbsp;<br \/>\nLa primera edici\u00f3n del taller gratuito \u201cPrep\u00e1rate para Emprender\u201d del proyecto <i>Emprende.LaLaguna<\/i> comenz\u00f3 a impartirse el pasado 6 de abril en las instalaciones de la Fundaci\u00f3n General de la Universidad de La Laguna. En esta formaci\u00f3n participan veinte ciudadanos y ciudadanas de La Laguna con inquietudes emprendedoras y que desean madurar su modelo de negocio para el municipio. El equipo t\u00e9cnico del proyecto ya se encuentra trabajando con diecis\u00e9is proyectos empresariales de distintos sectores y tem\u00e1ticas.<br \/>\nEste taller es la primera acci\u00f3n formativa de esta anualidad que se desarrolla en el marco del proyecto, que se fruto de la colaboraci\u00f3n entre el Ayuntamiento de La Laguna, la ULL y su Fundaci\u00f3n General. El objetivo de esta actividad formativa es proporcionar las herramientas necesarias a los potenciales emprendedores para que puedan madurar su modelo de negocio y analizar su viabilidad. Tiene una duraci\u00f3n de cien horas de formaci\u00f3n semipresencial, repartidas en doce sesiones presenciales de tres horas de duraci\u00f3n, que se desarrollan todos los lunes y mi\u00e9rcoles de 9 a 12 horas en las instalaciones de la Fundaci\u00f3n. \u00a0Adem\u00e1s, consta de cincuenta y cuatro horas de desarrollo <i>online<\/i> de los diferentes apartados del plan de empresa a trav\u00e9s de la plataforma de gesti\u00f3n de la \u2018Red de Semillero de Proyectos\u2019.<br \/>\nEl programa formativo est\u00e1 compuesto por cinco m\u00f3dulos, en los que se abarcar\u00e1n competencias como: el an\u00e1lisis de las propias capacidades, la elaboraci\u00f3n de la idea de negocio, estrategias de marketing, la organizaci\u00f3n y estructura de la empresa, el c\u00e1lculo de costes e inversiones y la implementaci\u00f3n y presentaci\u00f3n del proyecto. Concretamente, durante esta semana se terminar\u00e1n de impartir los contenidos del m\u00f3dulo uno, dedicado a la idea de negocio y el mercado, y se comenzar\u00e1 con el m\u00f3dulo dos, que trata sobre la organizaci\u00f3n y la estructura del negocio. A trav\u00e9s de este m\u00f3dulo, los potenciales emprendedores han aprendido sobre temas como la competencia, los clientes, el an\u00e1lisis del entorno, el marketing y las herramientas para la generaci\u00f3n de modelos de negocio. El taller tambi\u00e9n incluye, de manera complementaria, tutor\u00edas individualizadas de asesoramiento y una plataforma online de apoyo.<br \/>\n<b>Emprende.LaLaguna<\/b><br \/>\nEl objetivo principal de las acciones de <i>Emprende.LaLaguna<\/i> es ser un nexo de uni\u00f3n entre los diferentes agentes colaboradores y programas dirigidos a la creaci\u00f3n y consolidaci\u00f3n de empresas. Por ello, la formaci\u00f3n de personas con ideas emprendedoras, as\u00ed como la mejora de la calidad, potencialidad y consolidaci\u00f3n de sus iniciativas empresariales, es una labor b\u00e1sica e importante para la generaci\u00f3n del tejido empresarial de La Laguna. Partiendo de esta premisa, el proyecto aglutina una serie de acciones encaminadas a fomentar el emprendimiento entre la ciudadan\u00eda del municipio, as\u00ed como promover la consolidaci\u00f3n y supervivencia tanto de empresas de nueva creaci\u00f3n como empresas de un largo recorrido.<br \/>\nLa pr\u00f3xima acci\u00f3n formativa del proyecto tendr\u00e1 lugar el 22 de abril, y ser\u00e1 una p\u00edldora formativa dedicada al marketing digital y a c\u00f3mo promocionar un negocio por Internet. Aunque para esta formaci\u00f3n se han agotado las plazas, se ha conformado una lista de reserva, por lo que las personas interesadas en acudir a la actividad pueden hacerlo mediante el correo <a href=\"mailto:emprendelalaguna@fg.ull.es\">emprendelalaguna@fg.ull.es<\/a> o a trav\u00e9s del tel\u00e9fono 922 31 97 14.<br \/>\nOtras acciones formativas que se llevar\u00e1n a cabo durante el pr\u00f3ximo mes de mayo son: una \u2018C\u00e1psula de Generaci\u00f3n de Ideas de Negocio\u2019, el pr\u00f3ximo 21 de mayo y la segunda edici\u00f3n de este taller gratuito \u2018Prep\u00e1rate para Emprender\u2019, que se iniciar\u00e1 el pr\u00f3ximo 28 de mayo. Como colof\u00f3n final de las acciones del proyecto para esta anualidad,\u00a0 el 3 de diciembre se celebrar\u00e1 un \u2018Foro de Presentaci\u00f3n de Proyectos Empresariales\u2019, donde se presentar\u00e1 y expondr\u00e1 p\u00fablicamente una muestra de los proyectos asesorados en 2015.<\/p>\n","protected":false},"excerpt":{"rendered":"<p>Con esta formaci\u00f3n, que empez\u00f3 a impartirse el 6 de abril, las personas participantes podr\u00e1n madurar su modelo de negocio para implantarlo en el municipio y analizar su viabilidad t\u00e9cnica y econ\u00f3mica. Hasta el momento se est\u00e1 trabajando con diecis\u00e9is proyectos empresariales de distintas tem\u00e1ticas y sectores. <\/p>\n","protected":false},"author":1,"featured_media":17342,"comment_status":"closed","ping_status":"closed","sticky":false,"template":"","format":"standard","meta":{"footnotes":""},"categories":[3],"tags":[173,533,541,672,1353,1424],"featured_image_thumbnail_url":"https:\/\/fg.ull.es\/hemeroteca\/wp-content\/uploads\/sites\/14\/2015\/06\/Tercera-sesi\u00f3n-Prep\u00e1rate-para-Emprender-La-Laguna-300x201.jpg","_links":{"self":[{"href":"https:\/\/fg.ull.es\/hemeroteca\/wp-json\/wp\/v2\/posts\/17341"}],"collection":[{"href":"https:\/\/fg.ull.es\/hemeroteca\/wp-json\/wp\/v2\/posts"}],"about":[{"href":"https:\/\/fg.ull.es\/hemeroteca\/wp-json\/wp\/v2\/types\/post"}],"author":[{"embeddable":true,"href":"https:\/\/fg.ull.es\/hemeroteca\/wp-json\/wp\/v2\/users\/1"}],"replies":[{"embeddable":true,"href":"https:\/\/fg.ull.es\/hemeroteca\/wp-json\/wp\/v2\/comments?post=17341"}],"version-history":[{"count":0,"href":"https:\/\/fg.ull.es\/hemeroteca\/wp-json\/wp\/v2\/posts\/17341\/revisions"}],"wp:featuredmedia":[{"embeddable":true,"href":"https:\/\/fg.ull.es\/hemeroteca\/wp-json\/wp\/v2\/media\/17342"}],"wp:attachment":[{"href":"https:\/\/fg.ull.es\/hemeroteca\/wp-json\/wp\/v2\/media?parent=17341"}],"wp:term":[{"taxonomy":"category","embeddable":true,"href":"https:\/\/fg.ull.es\/hemeroteca\/wp-json\/wp\/v2\/categories?post=17341"},{"taxonomy":"post_tag","embeddable":true,"href":"https:\/\/fg.ull.es\/hemeroteca\/wp-json\/wp\/v2\/tags?post=17341"}],"curies":[{"name":"wp","href":"https:\/\/api.w.org\/{rel}","templated":true}]}}