{"id":17336,"date":"2015-04-21T09:10:49","date_gmt":"2015-04-21T09:10:49","guid":{"rendered":"http:\/\/www.fg.ull.es\/?p=17336"},"modified":"2015-04-21T09:10:49","modified_gmt":"2015-04-21T09:10:49","slug":"el-servicio-de-idiomas-de-la-ull-presenta-su-oferta-de-cursos-para-verano","status":"publish","type":"post","link":"https:\/\/fg.ull.es\/hemeroteca\/2015\/04\/21\/el-servicio-de-idiomas-de-la-ull-presenta-su-oferta-de-cursos-para-verano\/","title":{"rendered":"El Servicio de Idiomas de la ULL presenta su oferta de cursos para verano"},"content":{"rendered":"<h1>El Servicio de Idiomas de la ULL presenta su oferta de cursos para verano<\/h1>\n<p>&nbsp;<\/p>\n<h4>Se ofertan cursos de distintos niveles de ingl\u00e9s, franc\u00e9s, alem\u00e1n, portugu\u00e9s, espa\u00f1ol e italiano que se desarrollar\u00e1n durante los meses de junio y julio. La campa\u00f1a se ha denominado \u201cUsa el Verano, disfruta la lengua\u201d y la matr\u00edcula para los cursos ya est\u00e1 disponible.<\/h4>\n<p>&nbsp;<br \/>\nComo viene haciendo desde hace varios a\u00f1os el Servicio de Idiomas de la Universidad de La Laguna ha organizado una oferta espec\u00edfica de cursos de lenguas modernas para los primeros meses de verano. El objetivo es ofrecer a las personas interesadas en el aprendizaje de idiomas diferentes opciones para que puedan proseguir con sus estudios e incluso obtener una mejora sustancial en un espacio de tiempo muy concentrado a trav\u00e9s de los cursos intensivos. Esta campa\u00f1a de verano se agrupa bajo la denominaci\u00f3n \u201cUsa el verano, disfruta la lengua\u201d.<br \/>\nLa oferta est\u00e1 compuesta por cursos de distintos niveles de ingl\u00e9s, franc\u00e9s, alem\u00e1n, portugu\u00e9s, espa\u00f1ol e italiano que se desarrollar\u00e1n durante los meses de junio y julio.<br \/>\nSe trata de cursos con diferentes modalidades; algunos de ellos son intensivos, con lo que el alumnado podr\u00e1 avanzar de nivel y progresar r\u00e1pidamente. Se organizar\u00e1n en sesiones de ma\u00f1ana y tarde.<br \/>\nAdem\u00e1s, las personas interesadas en inscribirse tambi\u00e9n tendr\u00e1n la posibilidad de solicitar una beca \u201cUniversitas Prolingua\u201d para sufragar una parte del coste del curso. El plazo para realizar su solicitud ser\u00e1 hasta el 3 de junio.<br \/>\nLa mayor\u00eda de los cursos se realizar\u00e1n en dos tandas: comenzando durante la primera semana de junio y julio y terminando a finales de ambos meses. Sin embargo, hay algunas excepciones, por lo que se recomienda consultar la informaci\u00f3n concreta del idioma por el que se est\u00e9 interesado. Toda la informaci\u00f3n se puede consultar en la siguiente direcci\u00f3n web: <a href=\"http:\/\/www.fg.ull.es\/idiomas\/cursos-de-verano\/\">www.fg.ull.es\/idiomas\/cursos-de-verano\/<\/a><br \/>\nSi se tiene alg\u00fan conocimiento sobre el idioma, se deber\u00e1 realizar una prueba de nivel de manera gratuita. Esta prueba de nivel es un test muy sencillo y r\u00e1pido que se emplear\u00e1 para establecer en qu\u00e9 punto se encuentra el alumno antes de iniciar las clases, para que se incorpore al curso que mejor se adec\u00fae a su nivel y necesidades. La inscripci\u00f3n para las pruebas de nivel estar\u00e1 abierta hasta el pr\u00f3ximo 5 de junio.<br \/>\nAdem\u00e1s, para promover la interacci\u00f3n de la comunidad de la Universidad de La Laguna, se presentar\u00e1 en los pr\u00f3ximos d\u00edas un concurso fotogr\u00e1fico a trav\u00e9s de la red social Facebook.<br \/>\n<a href=\"http:\/\/www.fg.ull.es\/idiomas\/cursos-de-verano\/\">Visita la web de Cursos de Verano.<\/a><\/p>\n","protected":false},"excerpt":{"rendered":"<p>Se ofertan cursos de distintos niveles de ingl\u00e9s, franc\u00e9s, alem\u00e1n, portugu\u00e9s, espa\u00f1ol e italiano que se desarrollar\u00e1n durante los meses de junio y julio. La campa\u00f1a se ha denominado \u201cUsa el Verano, disfruta la lengua\u201d y la matr\u00edcula para los cursos ya est\u00e1 disponible. <\/p>\n","protected":false},"author":1,"featured_media":17338,"comment_status":"closed","ping_status":"closed","sticky":false,"template":"","format":"standard","meta":{"footnotes":""},"categories":[5],"tags":[173,425,672,780,1286,1353,1424],"featured_image_thumbnail_url":"https:\/\/fg.ull.es\/hemeroteca\/wp-content\/uploads\/sites\/14\/2015\/06\/PANTALLA_1280X720px-1-300x169.jpg","_links":{"self":[{"href":"https:\/\/fg.ull.es\/hemeroteca\/wp-json\/wp\/v2\/posts\/17336"}],"collection":[{"href":"https:\/\/fg.ull.es\/hemeroteca\/wp-json\/wp\/v2\/posts"}],"about":[{"href":"https:\/\/fg.ull.es\/hemeroteca\/wp-json\/wp\/v2\/types\/post"}],"author":[{"embeddable":true,"href":"https:\/\/fg.ull.es\/hemeroteca\/wp-json\/wp\/v2\/users\/1"}],"replies":[{"embeddable":true,"href":"https:\/\/fg.ull.es\/hemeroteca\/wp-json\/wp\/v2\/comments?post=17336"}],"version-history":[{"count":0,"href":"https:\/\/fg.ull.es\/hemeroteca\/wp-json\/wp\/v2\/posts\/17336\/revisions"}],"wp:featuredmedia":[{"embeddable":true,"href":"https:\/\/fg.ull.es\/hemeroteca\/wp-json\/wp\/v2\/media\/17338"}],"wp:attachment":[{"href":"https:\/\/fg.ull.es\/hemeroteca\/wp-json\/wp\/v2\/media?parent=17336"}],"wp:term":[{"taxonomy":"category","embeddable":true,"href":"https:\/\/fg.ull.es\/hemeroteca\/wp-json\/wp\/v2\/categories?post=17336"},{"taxonomy":"post_tag","embeddable":true,"href":"https:\/\/fg.ull.es\/hemeroteca\/wp-json\/wp\/v2\/tags?post=17336"}],"curies":[{"name":"wp","href":"https:\/\/api.w.org\/{rel}","templated":true}]}}