{"id":17330,"date":"2015-04-21T09:07:42","date_gmt":"2015-04-21T09:07:42","guid":{"rendered":"http:\/\/www.fg.ull.es\/?p=17330"},"modified":"2015-04-21T09:07:42","modified_gmt":"2015-04-21T09:07:42","slug":"continua-abierta-la-inscripcion-para-la-ii-edicion-del-concurso-de-divulgacion-cientifica-cienciull","status":"publish","type":"post","link":"https:\/\/fg.ull.es\/hemeroteca\/2015\/04\/21\/continua-abierta-la-inscripcion-para-la-ii-edicion-del-concurso-de-divulgacion-cientifica-cienciull\/","title":{"rendered":"Contin\u00faa abierta la inscripci\u00f3n para la II Edici\u00f3n del Concurso de Divulgaci\u00f3n Cient\u00edfica Cienci@ULL"},"content":{"rendered":"<h1>Contin\u00faa abierta la inscripci\u00f3n para la II Edici\u00f3n del Concurso de Divulgaci\u00f3n Cient\u00edfica Cienci@ULL<\/h1>\n<p>&nbsp;<\/p>\n<h4>Esta iniciativa est\u00e1 dirigida a la comunidad de j\u00f3venes investigadores que se encuentren cursando programas de doctorado de la Universidad de La Laguna. Consiste en la elaboraci\u00f3n de un v\u00eddeo de car\u00e1cter divulgativo de su actividad investigadora y se podr\u00e1 participar tanto individual, como colectivamente. La fecha l\u00edmite de recepci\u00f3n de trabajos ser\u00e1 el pr\u00f3ximo 1 de junio.<\/h4>\n<p>&nbsp;<br \/>\nLa inscripci\u00f3n al concurso continuar\u00e1 abierta hasta el 1 de junio. Se podr\u00e1 participar tanto individual, como colectivamente. Los grupos estar\u00e1n formados por cinco miembros como m\u00e1ximo y deber\u00e1n tener un representante, que ser\u00e1 la persona de contacto del grupo con la organizaci\u00f3n.<br \/>\nLa Unidad de Cultura Cient\u00edfica y de la Innovaci\u00f3n presentaba el Concurso de Divulgaci\u00f3n Cient\u00edfica Cienci@ULL el pasado mes de marzo con la intenci\u00f3n de dar a conocer la labor investigadora desarrollada en la Universidad, a trav\u00e9s de la elaboraci\u00f3n de v\u00eddeos divulgativos de un m\u00e1ximo de cinco minutos de duraci\u00f3n elaborados por los propios doctorandos y doctorandas. En ellos, se debe mostrar de forma cercana la aplicabilidad de los resultados de las investigaciones para cubrir necesidades sociales. Con el material resultante se promocionar\u00e1 la cultura cient\u00edfica y se fomentar\u00e1n las vocaciones cient\u00edficas en los j\u00f3venes de Canarias, por lo que el car\u00e1cter did\u00e1ctico y el uso de un lenguaje sencillo son esenciales.<br \/>\nLos trabajos presentados se subir\u00e1n a las redes sociales y ser\u00e1n valorados en dos fases. Una primera en la que se seleccionar\u00e1n los cinco v\u00eddeos m\u00e1s votados en las redes. En la segunda,\u00a0 una comisi\u00f3n de selecci\u00f3n formada por dos representantes de la Fundaci\u00f3n General, uno del Cabildo Insular de Tenerife y otros dos de la Universidad de La Laguna, seleccionar\u00e1 a los dos ganadores.<br \/>\nPara ello, se valorar\u00e1 que los trabajos tengan un t\u00edtulo claro y atractivo, el uso de un lenguaje y redacci\u00f3n divulgativos pero rigurosos, la calidad ilustrativa y t\u00e9cnica de las im\u00e1genes, y la actualidad tem\u00e1tica y en revistas cient\u00edficas de impacto de la tem\u00e1tica del v\u00eddeo.<br \/>\nLos dos v\u00eddeos que m\u00e1s se ajusten a estos criterios recibir\u00e1n los dos premios estipulados en las bases del concurso. El primero tendr\u00e1 una dotaci\u00f3n econ\u00f3mica de 800 euros y el segundo de 200. En ambos casos, la cuant\u00eda est\u00e1 destinada a cubrir los costes del material para el desarrollo de las investigaciones o estancias de investigaci\u00f3n de los ganadores.<br \/>\nM\u00e1s informaci\u00f3n <a href=\"http:\/\/ciencia.fg.ull.es\/concursos\/\">aqu\u00ed<\/a><\/p>\n","protected":false},"excerpt":{"rendered":"<p>Esta iniciativa est\u00e1 dirigida a la comunidad de j\u00f3venes investigadores que se encuentren cursando programas de doctorado de la Universidad de La Laguna. Consiste en la elaboraci\u00f3n de un v\u00eddeo de car\u00e1cter divulgativo de su actividad investigadora y se podr\u00e1 participar tanto individual, como colectivamente. La fecha l\u00edmite de recepci\u00f3n de trabajos ser\u00e1 el pr\u00f3ximo 1 de junio. <\/p>\n","protected":false},"author":1,"featured_media":17334,"comment_status":"closed","ping_status":"closed","sticky":false,"template":"","format":"standard","meta":{"footnotes":""},"categories":[8],"tags":[173,339,862,1353,1424],"featured_image_thumbnail_url":"https:\/\/fg.ull.es\/hemeroteca\/wp-content\/uploads\/sites\/14\/2015\/06\/pantalla_1280x720px-300x169.jpg","_links":{"self":[{"href":"https:\/\/fg.ull.es\/hemeroteca\/wp-json\/wp\/v2\/posts\/17330"}],"collection":[{"href":"https:\/\/fg.ull.es\/hemeroteca\/wp-json\/wp\/v2\/posts"}],"about":[{"href":"https:\/\/fg.ull.es\/hemeroteca\/wp-json\/wp\/v2\/types\/post"}],"author":[{"embeddable":true,"href":"https:\/\/fg.ull.es\/hemeroteca\/wp-json\/wp\/v2\/users\/1"}],"replies":[{"embeddable":true,"href":"https:\/\/fg.ull.es\/hemeroteca\/wp-json\/wp\/v2\/comments?post=17330"}],"version-history":[{"count":0,"href":"https:\/\/fg.ull.es\/hemeroteca\/wp-json\/wp\/v2\/posts\/17330\/revisions"}],"wp:featuredmedia":[{"embeddable":true,"href":"https:\/\/fg.ull.es\/hemeroteca\/wp-json\/wp\/v2\/media\/17334"}],"wp:attachment":[{"href":"https:\/\/fg.ull.es\/hemeroteca\/wp-json\/wp\/v2\/media?parent=17330"}],"wp:term":[{"taxonomy":"category","embeddable":true,"href":"https:\/\/fg.ull.es\/hemeroteca\/wp-json\/wp\/v2\/categories?post=17330"},{"taxonomy":"post_tag","embeddable":true,"href":"https:\/\/fg.ull.es\/hemeroteca\/wp-json\/wp\/v2\/tags?post=17330"}],"curies":[{"name":"wp","href":"https:\/\/api.w.org\/{rel}","templated":true}]}}