{"id":17320,"date":"2015-04-21T08:50:58","date_gmt":"2015-04-21T08:50:58","guid":{"rendered":"http:\/\/www.fg.ull.es\/?p=17320"},"modified":"2015-04-21T08:50:58","modified_gmt":"2015-04-21T08:50:58","slug":"segundo-listado-provisional-de-la-convocatoria-para-la-seleccion-de-personal-con-cargo-al-proyecto-aqua","status":"publish","type":"post","link":"https:\/\/fg.ull.es\/hemeroteca\/2015\/04\/21\/segundo-listado-provisional-de-la-convocatoria-para-la-seleccion-de-personal-con-cargo-al-proyecto-aqua\/","title":{"rendered":"Segundo listado provisional de la convocatoria para la selecci\u00f3n de personal con cargo al proyecto &#039;AQUA&#039;"},"content":{"rendered":"<h1>Segundo listado provisional de la convocatoria para la selecci\u00f3n de personal con cargo al proyecto &#8216;AQUA&#8217;<\/h1>\n<p>&nbsp;<\/p>\n<h4>Finalizada la primera fase del proceso selectivo se procede a publicar el segundo listado provisional de aceptados\/as en la selecci\u00f3n de personal para cubrir la plaza de investigador\/a junior con cargo al proyecto &#8216;AQUA&#8217;.<\/h4>\n<p>&nbsp;<br \/>\nA partir del 22 de abril de 2015, comienza el periodo de eventuales alegaciones que finalizar\u00e1 a las 23.59 horas del 24 de abril de 2015. Finalizado \u00e9ste y resueltas las alegaciones, se proceder\u00e1 a publicar el segundo listado definitivo con la confecci\u00f3n de la bolsa.<br \/>\nLas alegaciones \u00fanica y exclusivamente se podr\u00e1n presentar telem\u00e1ticamente al correo electr\u00f3nico seleccion@fg.ull.es y utilizando el siguiente documento normalizado: documento de alegaciones.<br \/>\nPara la valoraci\u00f3n de todas y cada una de las candidaturas, y de los futuros procesos, se ha tomado como fundamento lo especificado en:<\/p>\n<ul>\n<li><a title=\"Bases generales\" href=\"http:\/\/www.fg.ull.es\/public\/docs\/1817_it_bases_convocatoria_de_seleccion_de_personal_2.pdf\" target=\"_blank\" rel=\"noopener noreferrer\">Bases Generales<\/a><\/li>\n<li><a title=\"Perfil Singular\" href=\"http:\/\/www.fg.ull.es\/public\/docs\/1819_6q_20150406_perfil_singular_1.pdf\" target=\"_blank\" rel=\"noopener noreferrer\">Perfil Singular<\/a><\/li>\n<\/ul>\n<p>Puede ver el listado aqu\u00ed:<\/p>\n<ul>\n<li><a title=\"2\u00ba List Prov\" href=\"http:\/\/www.fg.ull.es\/public\/docs\/1852_oy_20150421_2_listado_provisional.pdf\" target=\"_blank\" rel=\"noopener noreferrer\">Investigador\/a junior<\/a><\/li>\n<\/ul>\n","protected":false},"excerpt":{"rendered":"<p>Finalizada la primera fase del proceso selectivo se procede a publicar el segundo listado provisional de aceptados\/as en la selecci\u00f3n de personal para cubrir la plaza de investigador\/a junior con cargo al proyecto &#8216;AQUA&#8217;.<\/p>\n","protected":false},"author":1,"featured_media":0,"comment_status":"closed","ping_status":"closed","sticky":false,"template":"","format":"standard","meta":{"footnotes":""},"categories":[2],"tags":[173,518,862,1066,1353,1424],"featured_image_thumbnail_url":null,"_links":{"self":[{"href":"https:\/\/fg.ull.es\/hemeroteca\/wp-json\/wp\/v2\/posts\/17320"}],"collection":[{"href":"https:\/\/fg.ull.es\/hemeroteca\/wp-json\/wp\/v2\/posts"}],"about":[{"href":"https:\/\/fg.ull.es\/hemeroteca\/wp-json\/wp\/v2\/types\/post"}],"author":[{"embeddable":true,"href":"https:\/\/fg.ull.es\/hemeroteca\/wp-json\/wp\/v2\/users\/1"}],"replies":[{"embeddable":true,"href":"https:\/\/fg.ull.es\/hemeroteca\/wp-json\/wp\/v2\/comments?post=17320"}],"version-history":[{"count":0,"href":"https:\/\/fg.ull.es\/hemeroteca\/wp-json\/wp\/v2\/posts\/17320\/revisions"}],"wp:attachment":[{"href":"https:\/\/fg.ull.es\/hemeroteca\/wp-json\/wp\/v2\/media?parent=17320"}],"wp:term":[{"taxonomy":"category","embeddable":true,"href":"https:\/\/fg.ull.es\/hemeroteca\/wp-json\/wp\/v2\/categories?post=17320"},{"taxonomy":"post_tag","embeddable":true,"href":"https:\/\/fg.ull.es\/hemeroteca\/wp-json\/wp\/v2\/tags?post=17320"}],"curies":[{"name":"wp","href":"https:\/\/api.w.org\/{rel}","templated":true}]}}