{"id":17313,"date":"2015-04-21T08:39:41","date_gmt":"2015-04-21T08:39:41","guid":{"rendered":"http:\/\/www.fg.ull.es\/?p=17313"},"modified":"2015-04-21T08:39:41","modified_gmt":"2015-04-21T08:39:41","slug":"emprende-ull-estara-presente-en-la-xxx-semana-de-la-empresa-de-la-facultad-de-economia-empresa-y-turismo-de-la-ull","status":"publish","type":"post","link":"https:\/\/fg.ull.es\/hemeroteca\/2015\/04\/21\/emprende-ull-estara-presente-en-la-xxx-semana-de-la-empresa-de-la-facultad-de-economia-empresa-y-turismo-de-la-ull\/","title":{"rendered":"Emprende.ull estar\u00e1 presente en la XXX Semana de la Empresa de la Facultad de Econom\u00eda, Empresa y Turismo de la ULL"},"content":{"rendered":"<h1>Emprende.ull estar\u00e1 presente en la XXX Semana de la Empresa de la Facultad de Econom\u00eda, Empresa y Turismo de la ULL<\/h1>\n<p>&nbsp;<\/p>\n<h4>Esta edici\u00f3n de la Semana de la Empresa se celebrar\u00e1 del 22 al 24 de abril. La Unidad de Emprendimiento de la Fundaci\u00f3n General de la ULL participar\u00e1 con una charla el jueves 23 de abril de\u00a0 13:15 a 14:15 horas.<\/h4>\n<p>&nbsp;<br \/>\nUn a\u00f1o m\u00e1s la Unidad de Emprendimiento de la Fundaci\u00f3n General de la Universidad de La Laguna, estar\u00e1 presente en la \u2018XXX Semana de la Empresa: Nuevos retos, Nuevas oportunidades\u2019 de la Facultad de Econom\u00eda, Empresa y Turismo de la ULL, que se celebra \u00a0del 22 al 24 de abril. En esta ocasi\u00f3n, el jueves 23 de abril de 13:15 a 14:15 horas, un miembro del equipo t\u00e9cnico de Emprende.ull ofrecer\u00e1 una charla sobre los servicios de la Unidad y las pautas a seguir tras tener una idea empresarial.<br \/>\nLas jornadas se desarrollar\u00e1n el Aula Magna de esta Facultad, son de libre acceso y convalidables por 2 ECTS. Las personas que deseen inscribirse podr\u00e1n hacerlo hasta hoy, 21 de abril, a trav\u00e9s de este <a href=\"https:\/\/www.jovenesemprendedores.ull.es\/\">enlace<\/a>. Estas jornadas se estructurar\u00e1n en tres grandes bloques distintos, pero a la vez complementarios,\u00a0 pretendiendo\u00a0 que\u00a0 cada\u00a0 uno\u00a0 de\u00a0 ellos\u00a0 tenga\u00a0 su\u00a0 propia\u00a0 singularidad en la medida que plantean\u00a0 visiones y propuestas diferentes, en\u00a0 ocasiones dirigidas a p\u00fablicos distintos.<br \/>\nEl primer bloque lo constituyen las primeras jornadas sobre Econom\u00eda Social\u00a0 y Cooperativa que se celebran en la Universidad de La Laguna, que tendr\u00e1n lugar ma\u00f1ana 22 de abril. Estas jornadas pretenden ser\u00a0 el primer paso para que los estudios e investigaciones sobre estas materias\u00a0 adquieran carta de naturaleza en nuestra universidad. El argumento central\u00a0 ser\u00e1 destacar los valores como elemento esencial para recuperar la confianza. A trav\u00e9s de las aportaciones de diferentes expertos en la materia, as\u00ed como de las experiencias de importantes empresas cooperativas, tanto nacionales como locales, se podr\u00e1n desentra\u00f1ar las claves de \u00e9xito de estas formas empresariales.<br \/>\nEl segundo bloque, que se desarrollar\u00e1 el jueves 23 de abril, abordar\u00e1 el emprendimiento desde la perspectiva de los nuevos retos y oportunidades derivados del actual escenario competitivo, haciendo \u00e9nfasis en la nueva din\u00e1mica de la econom\u00eda colaborativa. En este sentido,\u00a0 se\u00a0 har\u00e1\u00a0 \u00e9nfasis\u00a0 en\u00a0 experiencias\u00a0 concretas\u00a0 de\u00a0 emprendedores\/as canarios que han sabido leer eficazmente dichas claves y se profundizar\u00e1n en algunas de las tendencias m\u00e1s innovadoras como el crowdfunding, el coworking\u00a0 o\u00a0 la\u00a0 econom\u00eda\u00a0 del\u00a0 bien\u00a0 com\u00fan.\u00a0 Junto\u00a0 a\u00a0 ello,\u00a0 se\u00a0 presentar\u00e1n algunos recursos de apoyo al emprendimiento existentes en la Universidad de La Laguna, como el programa Emprende.ull.<br \/>\nEl tercer bloque lo constituir\u00e1 la \u2018Innovaci\u00f3n y la Tecnolog\u00eda en Turismo\u2019. \u00a0Los profesionales que colaborar\u00e1n en esta jornada plantear\u00e1n el potencial que la movilidad, los nuevos modelos de negocio y las herramientas tecnol\u00f3gicas tienen para consolidar la relaci\u00f3n entre las empresas, destino y el turista, de una forma \u00fanica y sorprendente.<br \/>\nConsulta el programa <a href=\"http:\/\/www.jovenesemprendedores.ull.es\/wp-content\/uploads\/2015\/04\/SEMANADELAEMPRESA.pdf\">aqu\u00ed<\/a>.<\/p>\n","protected":false},"excerpt":{"rendered":"<p>Esta edici\u00f3n de la Semana de la Empresa se celebrar\u00e1 del 22 al 24 de abril. La Unidad de Emprendimiento de la Fundaci\u00f3n General de la ULL participar\u00e1 con una charla el jueves 23 de abril de  13:15 a 14:15 horas.<\/p>\n","protected":false},"author":1,"featured_media":17314,"comment_status":"closed","ping_status":"closed","sticky":false,"template":"","format":"standard","meta":{"footnotes":""},"categories":[3],"tags":[548,1353,1392,1424],"featured_image_thumbnail_url":"https:\/\/fg.ull.es\/hemeroteca\/wp-content\/uploads\/sites\/14\/2015\/06\/cartel_de_la_xxx_semana_de_la_empresa_de_la_ulljpg-300x156.jpg","_links":{"self":[{"href":"https:\/\/fg.ull.es\/hemeroteca\/wp-json\/wp\/v2\/posts\/17313"}],"collection":[{"href":"https:\/\/fg.ull.es\/hemeroteca\/wp-json\/wp\/v2\/posts"}],"about":[{"href":"https:\/\/fg.ull.es\/hemeroteca\/wp-json\/wp\/v2\/types\/post"}],"author":[{"embeddable":true,"href":"https:\/\/fg.ull.es\/hemeroteca\/wp-json\/wp\/v2\/users\/1"}],"replies":[{"embeddable":true,"href":"https:\/\/fg.ull.es\/hemeroteca\/wp-json\/wp\/v2\/comments?post=17313"}],"version-history":[{"count":0,"href":"https:\/\/fg.ull.es\/hemeroteca\/wp-json\/wp\/v2\/posts\/17313\/revisions"}],"wp:featuredmedia":[{"embeddable":true,"href":"https:\/\/fg.ull.es\/hemeroteca\/wp-json\/wp\/v2\/media\/17314"}],"wp:attachment":[{"href":"https:\/\/fg.ull.es\/hemeroteca\/wp-json\/wp\/v2\/media?parent=17313"}],"wp:term":[{"taxonomy":"category","embeddable":true,"href":"https:\/\/fg.ull.es\/hemeroteca\/wp-json\/wp\/v2\/categories?post=17313"},{"taxonomy":"post_tag","embeddable":true,"href":"https:\/\/fg.ull.es\/hemeroteca\/wp-json\/wp\/v2\/tags?post=17313"}],"curies":[{"name":"wp","href":"https:\/\/api.w.org\/{rel}","templated":true}]}}