{"id":17303,"date":"2015-04-20T08:33:26","date_gmt":"2015-04-20T08:33:26","guid":{"rendered":"http:\/\/www.fg.ull.es\/?p=17303"},"modified":"2015-04-20T08:33:26","modified_gmt":"2015-04-20T08:33:26","slug":"cinco-anos-de-barrios-por-el-empleo-en-la-laguna","status":"publish","type":"post","link":"https:\/\/fg.ull.es\/hemeroteca\/2015\/04\/20\/cinco-anos-de-barrios-por-el-empleo-en-la-laguna\/","title":{"rendered":"Cinco a\u00f1os de &#039;Barrios por el Empleo&#039; en La Laguna"},"content":{"rendered":"<h1>Cinco a\u00f1os de &#8216;Barrios por el Empleo&#8217; en La Laguna<\/h1>\n<p>&nbsp;<\/p>\n<h4>Esta nueva edici\u00f3n de la iniciativa se desarrolla en La Cuesta, Finca Espa\u00f1a, Taco, Los Majuelos y Las Chumberas y est\u00e1 dirigida a las personas demandantes de empleo de estas zonas. Las principales novedades son las tutor\u00edas grupales de orientaci\u00f3n, un proceso formativo integral, un servicio de acompa\u00f1amiento de b\u00fasqueda de empleo y una red empresarial del barrio Princesa Yballa. <b><i><br \/>\n<\/i><\/b><\/h4>\n<p>&nbsp;<br \/>\nLa quinta edici\u00f3n del proyecto \u201cBarrios por el Empleo\u201d empez\u00f3 a desarrollarse el pasado mes de octubre en las zonas de La Cuesta, Taco, Finca Espa\u00f1a, Los Majuelos y Las Chumberas. La iniciativa, que comenz\u00f3 en el a\u00f1o 2009, est\u00e1 dirigida a personas demandantes de empleo. En esta edici\u00f3n participan se espera atender a m\u00e1s de doscientas personas divididas en dos grupos seg\u00fan la zona de actuaci\u00f3n y, hasta el momento, cuarenta y dos personas han participado en los itinerarios integrados de inserci\u00f3n laboral. El objetivo del proyecto es incidir en la mejora de la empleabilidad a trav\u00e9s de la orientaci\u00f3n laboral, la formaci\u00f3n, la atenci\u00f3n individualizada y el acompa\u00f1amiento en la b\u00fasqueda activa de empleo. Para ello cuenta con la financiaci\u00f3n del Ayuntamiento de San Crist\u00f3bal de La Laguna y la ejecuci\u00f3n de la Fundaci\u00f3n General de la Universidad de La Laguna.<br \/>\nTras los buenos resultados obtenidos en a\u00f1os anteriores, en esta edici\u00f3n se han incluido novedades como: la apuesta por un servicio de orientaci\u00f3n grupal; un proceso formativo integral conformado por formaci\u00f3n ocupacional, no ocupacional, trabajo grupal y pr\u00e1cticas en empresas; la atenci\u00f3n individualizada; un servicio de apoyo abierto y continuo para la b\u00fasqueda de empleo a trav\u00e9s de Internet; el acompa\u00f1amiento individual y grupal a las personas desempleadas en sus salidas de b\u00fasqueda de empleo; y la creaci\u00f3n de una red empresarial en el barrio Princesa Yballa.<br \/>\nEn lo referente al servicio de tutor\u00edas grupales de orientaci\u00f3n, este servicio se ha implantado con el fin de atender a un mayor n\u00famero de personas, aprovechar las ventajas del trabajo grupal y acercar el servicio a los recursos sociales de los territorios de actuaci\u00f3n. Para ello, se ha habilitado un cat\u00e1logo de tutor\u00edas grupales en recursos compuesto por cinco talleres. Hasta el momento ya se han realizado tres talleres grupales, dos de recursos de empleo y formaci\u00f3n y uno dedicado a la mejora y actualizaci\u00f3n del curr\u00edculum. Adem\u00e1s, se han atendido en orientaciones individuales a las personas que han solicitado alg\u00fan tipo de informaci\u00f3n o servicio espec\u00edfico del proyecto.<br \/>\nTambi\u00e9n se ha incorporado un itinerario formativo integral para la mejora de la empleabilidad, que tiene una duraci\u00f3n total de entre 195 y 270 horas. Este ya comenz\u00f3 a impartirse el pasado 16 de marzo a cuarenta y dos personas, de los dos grupos que conforman esta edici\u00f3n del proyecto. La formaci\u00f3n est\u00e1 compuesta por: reuniones grupales en las que se utiliza la metodolog\u00eda de la indagaci\u00f3n apreciativa; formaci\u00f3n no ocupacional centrada en el desarrollo de herramientas y t\u00e9cnicas para la b\u00fasqueda de empleo; formaci\u00f3n ocupacional con la realizaci\u00f3n de un curso de atenci\u00f3n al cliente y la realizaci\u00f3n de pr\u00e1cticas en empresas relacionadas con el sector de la formaci\u00f3n ocupacional.<br \/>\nTambi\u00e9n se destaca la atenci\u00f3n individualizada dirigida espec\u00edficamente a las personas que participen en el proceso formativo grupal, con el fin de confeccionar, realizar y evaluar el itinerario de inserci\u00f3n laboral de cada participante. Unido a ello, otro hito importante es el servicio abierto y permanente de apoyo a la b\u00fasqueda de empleo a trav\u00e9s de Internet, que est\u00e1 abierto a toda la comunidad de las zonas de desarrollo de Barrios por el Empleo. Se realiza desde el pasado mes de octubre todos los lunes, martes y viernes en los centros ciudadanos de San Jer\u00f3nimo y La Cuesta. Hasta el momento han participado 104 personas. Asimismo, se ha creado un nuevo servicio centrado en el acompa\u00f1amiento real a las personas desempleadas en sus salidas de b\u00fasqueda de empleo, con el fin de fomentar la autonom\u00eda y el sentimiento de \u201csentirse acompa\u00f1ado\u201d en el proceso. De este servicio, que se celebr\u00f3 del 26 de enero al 6 de marzo, se han beneficiado ya 24 personas.<br \/>\nPara completar el crecimiento de esta edici\u00f3n de &#8216;Barrios por el Empleo&#8217; se est\u00e1 creando una red empresarial en el barrio Princesa Yballa. El objetivo de esta actividad es trabajar espec\u00edficamente la dinamizaci\u00f3n empresarial del barrio, con el fin de establecer una relaci\u00f3n m\u00e1s estrecha entre sus componentes y que ello repercuta en la generaci\u00f3n de una mayor iniciativa empresarial con proyecci\u00f3n en el empleo. A trav\u00e9s de esta actividad se ofrece apoyo y acompa\u00f1amiento a los empresarios y empresarias del barrio, se realiza un servicio de gesti\u00f3n de ofertas de empleo, labores de intermediaci\u00f3n laboral y se env\u00eda informaci\u00f3n de inter\u00e9s para las empresas. Se tiene previsto realizar el \u2018I Encuentro Empresarial\u2019 en la segunda quincena de mayo para compartir experiencias.<\/p>\n","protected":false},"excerpt":{"rendered":"<p>Esta nueva edici\u00f3n de la iniciativa se desarrolla en La Cuesta, Finca Espa\u00f1a, Taco, Los Majuelos y Las Chumberas y est\u00e1 dirigida a las personas demandantes de empleo de estas zonas. Las principales novedades son las tutor\u00edas grupales de orientaci\u00f3n, un proceso formativo integral, un servicio de acompa\u00f1amiento de b\u00fasqueda de empleo y una red empresarial del barrio Princesa Yballa. <\/p>\n","protected":false},"author":1,"featured_media":17304,"comment_status":"closed","ping_status":"closed","sticky":false,"template":"","format":"standard","meta":{"footnotes":""},"categories":[3],"tags":[173,518,671,1353,1424],"featured_image_thumbnail_url":"https:\/\/fg.ull.es\/hemeroteca\/wp-content\/uploads\/sites\/14\/2015\/06\/un_instante_de_las_sesiones_de_orientacion_grupales_de_esta_quinta_edicionjpg-300x169.jpg","_links":{"self":[{"href":"https:\/\/fg.ull.es\/hemeroteca\/wp-json\/wp\/v2\/posts\/17303"}],"collection":[{"href":"https:\/\/fg.ull.es\/hemeroteca\/wp-json\/wp\/v2\/posts"}],"about":[{"href":"https:\/\/fg.ull.es\/hemeroteca\/wp-json\/wp\/v2\/types\/post"}],"author":[{"embeddable":true,"href":"https:\/\/fg.ull.es\/hemeroteca\/wp-json\/wp\/v2\/users\/1"}],"replies":[{"embeddable":true,"href":"https:\/\/fg.ull.es\/hemeroteca\/wp-json\/wp\/v2\/comments?post=17303"}],"version-history":[{"count":0,"href":"https:\/\/fg.ull.es\/hemeroteca\/wp-json\/wp\/v2\/posts\/17303\/revisions"}],"wp:featuredmedia":[{"embeddable":true,"href":"https:\/\/fg.ull.es\/hemeroteca\/wp-json\/wp\/v2\/media\/17304"}],"wp:attachment":[{"href":"https:\/\/fg.ull.es\/hemeroteca\/wp-json\/wp\/v2\/media?parent=17303"}],"wp:term":[{"taxonomy":"category","embeddable":true,"href":"https:\/\/fg.ull.es\/hemeroteca\/wp-json\/wp\/v2\/categories?post=17303"},{"taxonomy":"post_tag","embeddable":true,"href":"https:\/\/fg.ull.es\/hemeroteca\/wp-json\/wp\/v2\/tags?post=17303"}],"curies":[{"name":"wp","href":"https:\/\/api.w.org\/{rel}","templated":true}]}}