{"id":17298,"date":"2015-04-20T08:30:23","date_gmt":"2015-04-20T08:30:23","guid":{"rendered":"http:\/\/www.fg.ull.es\/?p=17298"},"modified":"2015-04-20T08:30:23","modified_gmt":"2015-04-20T08:30:23","slug":"se-presenta-launchtf-primer-programa-de-canarias-que-busca-preparar-empresas-emergentes-para-llegar-con-exito-a-aceleradoras-de-startups-nacionales","status":"publish","type":"post","link":"https:\/\/fg.ull.es\/hemeroteca\/2015\/04\/20\/se-presenta-launchtf-primer-programa-de-canarias-que-busca-preparar-empresas-emergentes-para-llegar-con-exito-a-aceleradoras-de-startups-nacionales\/","title":{"rendered":"Se presenta &#039;launchTF&#039;, primer programa de Canarias que busca preparar empresas emergentes para llegar con \u00e9xito a aceleradoras de startups nacionales"},"content":{"rendered":"<h1>Se presenta &#8216;launchTF&#8217;, primer programa de Canarias que busca preparar empresas emergentes para llegar con \u00e9xito a aceleradoras de startups nacionales<\/h1>\n<p>&nbsp;<\/p>\n<h4>Las personas que tengan un proyecto innovador y de perfil tecnol\u00f3gico ya pueden inscribirse para participar en este programa que combinar\u00e1 mentor\u00eda y formaci\u00f3n. LaunchTF se centrar\u00e1 en construir y validar el modelo de negocio y en la creaci\u00f3n de un\u00a0 prototipo funcional.<\/h4>\n<p>&nbsp;<br \/>\nLa inscripci\u00f3n para participar en el programa de pre-aceleraci\u00f3n de proyectos empresariales emergentes o <i>startups<\/i> `launchTF\u00b4 se encuentra ya abierta para todas aquellas personas que est\u00e9n trabajando en proyectos empresariales TIC. Se trata de la primera iniciativa de Canarias con estas caracter\u00edsticas: su particularidad se encuentra en que se trabajar\u00e1 de forma muy individualizada con los participantes para madurar sus modelos de negocio, centrando el foco en construir y validar el mismo y en construir un MVP o prototipo funcional. La apuesta por estos elementos se obtiene tras el an\u00e1lisis, por parte del equipo t\u00e9cnico responsable de launchTF, de alta mortalidad de las empresas con este perfil en el Archipi\u00e9lago, determinando que es fundamental situar a estas startups en un ecosistema m\u00e1s maduro, donde puedan impulsar su idea de negocio.<br \/>\nEl programa se desarrollar\u00e1 entre los meses de junio y julio y la inscripci\u00f3n se puede formalizar a trav\u00e9s de <a href=\"http:\/\/fg.ull.es\/launchtf\/\">su p\u00e1gina web<\/a>.<br \/>\nEl programa se divide en dos partes: pre-aceleraci\u00f3n y consolidaci\u00f3n. En la primera fase los participantes contar\u00e1n con formaci\u00f3n especializada, talleres y apoyo de mentores expertos, que les proporcionar\u00e1n las claves para desarrollar la idea de negocio e incrementar las posibilidades de \u00e9xito al solicitar una plaza en una aceleradora de prestigio.<br \/>\nPara ello, se mantendr\u00e1n contactos peri\u00f3dicos con las principales aceleradoras facilitando que conozcan los proyectos desde un inicio, comprobando su evoluci\u00f3n y aportando su experiencia para mejorarlos. Los emprendedores y emprendedoras tambi\u00e9n tendr\u00e1n la oportunidad de presentar sus ideas de negocio ante inversores locales en un<i> Investors Day<\/i>.<br \/>\nAdem\u00e1s, los proyectos contar\u00e1n con una bolsa de horas de mentores con diferentes perfiles, para consultas personalizadas y para el desarrollo \u00f3ptimo de la estrategia de negocio del proyecto. Por \u00faltimo, se desarrollar\u00e1 un <i>Demo Day<\/i>, en el que se expondr\u00e1n todos los proyectos ante un jurado, compitiendo por diversos premios.<br \/>\nLa fase de consolidaci\u00f3n se centrar\u00e1 en ofrecer un servicio de seguimiento a los proyectos acompa\u00f1ando a los emprendedores en los procesos selectivos de aceleradoras.<br \/>\nEl perfil de los proyectos que se busca comprende que sean proyectos globales, escalables, innovadores y que resuelvan un problema concreto. Adem\u00e1s, deben tener un mercado objetivo claro y resolver un problema real. Los equipos deben contar con un m\u00ednimo de dos personas, una de ellas con dedicaci\u00f3n exclusiva y al menos una con perfil t\u00e9cnico, aunque para aquellos proyectos formados por un solo componente, se intentar\u00e1 completar el equipo con los perfiles necesarios.<\/p>\n","protected":false},"excerpt":{"rendered":"<p>Las personas que tengan un proyecto innovador y de perfil tecnol\u00f3gico ya pueden inscribirse para participar en este programa que combinar\u00e1 mentor\u00eda y formaci\u00f3n. LaunchTF se centrar\u00e1 en construir y validar el modelo de negocio y en la creaci\u00f3n de un  prototipo funcional.<\/p>\n","protected":false},"author":1,"featured_media":17301,"comment_status":"closed","ping_status":"closed","sticky":false,"template":"","format":"standard","meta":{"footnotes":""},"categories":[8],"tags":[173,548,672,1353,1424],"featured_image_thumbnail_url":"https:\/\/fg.ull.es\/hemeroteca\/wp-content\/uploads\/sites\/14\/2015\/06\/LOGO_LAUNCHTF-300x94.jpg","_links":{"self":[{"href":"https:\/\/fg.ull.es\/hemeroteca\/wp-json\/wp\/v2\/posts\/17298"}],"collection":[{"href":"https:\/\/fg.ull.es\/hemeroteca\/wp-json\/wp\/v2\/posts"}],"about":[{"href":"https:\/\/fg.ull.es\/hemeroteca\/wp-json\/wp\/v2\/types\/post"}],"author":[{"embeddable":true,"href":"https:\/\/fg.ull.es\/hemeroteca\/wp-json\/wp\/v2\/users\/1"}],"replies":[{"embeddable":true,"href":"https:\/\/fg.ull.es\/hemeroteca\/wp-json\/wp\/v2\/comments?post=17298"}],"version-history":[{"count":0,"href":"https:\/\/fg.ull.es\/hemeroteca\/wp-json\/wp\/v2\/posts\/17298\/revisions"}],"wp:featuredmedia":[{"embeddable":true,"href":"https:\/\/fg.ull.es\/hemeroteca\/wp-json\/wp\/v2\/media\/17301"}],"wp:attachment":[{"href":"https:\/\/fg.ull.es\/hemeroteca\/wp-json\/wp\/v2\/media?parent=17298"}],"wp:term":[{"taxonomy":"category","embeddable":true,"href":"https:\/\/fg.ull.es\/hemeroteca\/wp-json\/wp\/v2\/categories?post=17298"},{"taxonomy":"post_tag","embeddable":true,"href":"https:\/\/fg.ull.es\/hemeroteca\/wp-json\/wp\/v2\/tags?post=17298"}],"curies":[{"name":"wp","href":"https:\/\/api.w.org\/{rel}","templated":true}]}}