{"id":17293,"date":"2015-04-20T08:23:24","date_gmt":"2015-04-20T08:23:24","guid":{"rendered":"http:\/\/www.fg.ull.es\/?p=17293"},"modified":"2015-04-20T08:23:24","modified_gmt":"2015-04-20T08:23:24","slug":"agotadas-las-plazas-para-la-tercera-pildora-formativa-de-emprende-lalaguna","status":"publish","type":"post","link":"https:\/\/fg.ull.es\/hemeroteca\/2015\/04\/20\/agotadas-las-plazas-para-la-tercera-pildora-formativa-de-emprende-lalaguna\/","title":{"rendered":"Agotadas las plazas para la tercera p\u00edldora formativa de Emprende.LaLaguna"},"content":{"rendered":"<h1>Agotadas las plazas para la tercera p\u00edldora formativa de Emprende.LaLaguna<\/h1>\n<p>&nbsp;<\/p>\n<h4>Dado el inter\u00e9s que ha suscitado esta actividad formativa, que se celebrar\u00e1 este mi\u00e9rcoles 22 de abril en el aulario de la Fundaci\u00f3n, se ha habilitado una lista de reserva. La sesi\u00f3n estar\u00e1 dedicada al marketing digital y a c\u00f3mo promocionar un negocio por Internet.<\/h4>\n<p>&nbsp;<br \/>\nLa tercera p\u00edldora formativa de Emprende.LaLaguna, que se celebrar\u00e1 este mi\u00e9rcoles 22 de abril en el aulario de la Fundaci\u00f3n General de la ULL y estar\u00e1 dedicada al marketing digital, ha agotado todas sus plazas. Por ello, en vistas del inter\u00e9s que ha suscitado esta actividad formativa, se ha habilitado una lista de reserva para todas aquellas personas que contin\u00faen interesadas en esta sesi\u00f3n. Podr\u00e1n hacerlo a trav\u00e9s del correo <a href=\"mailto:emprendelalaguna@fg.ull.es\">emprendelalaguna@fg.ull.es<\/a> o del tel\u00e9fono 922 31 97 14.<br \/>\nLas p\u00edldoras formativas del proyecto Emprende.LaLaguna son un conjunto de acciones de tres horas de duraci\u00f3n encaminadas a proporcionar conocimientos pr\u00e1cticos sobre distintas \u00e1reas del negocio. Son acciones complementarias dirigidas tanto a los futuros emprendedores como a empresarios ya consolidados. Emprende.LaLaguna apuesta por la formaci\u00f3n de personas con ideas emprendedoras como una labor b\u00e1sica e importante para la generaci\u00f3n del tejido empresarial lagunero. Partiendo de esta premisa, desde que comenzaron las p\u00edldoras el pasado mes de marzo, el inter\u00e9s de las personas con inquietudes emprendedoras por estas acciones ha ido en aumento.<br \/>\nEsta tercera sesi\u00f3n estar\u00e1 dedicada al marketing digital y a c\u00f3mo promocionar un negocio en Internet. Tendr\u00e1 lugar en su horario habitual, de 16:30 a 19:30 horas, y estar\u00e1 impartida por Jacob Celso Rodr\u00edguez Torres, ingeniero t\u00e9cnico inform\u00e1tico de sistemas y t\u00e9cnico de telecomunicaciones. Con esta formaci\u00f3n, las personas asistentes conocer\u00e1n las diferentes plataformas disponibles para promocionar su negocio de una manera eficiente y conseguir as\u00ed una buena campa\u00f1a de marketing online.<br \/>\n<a href=\"http:\/\/fg.ull.es\/emprendelalaguna\/pildoras-formativas-para-el-emprendedor\/\">(M\u00e1s informaci\u00f3n sobre las p\u00edldoras formativas aqu\u00ed)<\/a><\/p>\n","protected":false},"excerpt":{"rendered":"<p>Dado el inter\u00e9s que ha suscitado esta actividad formativa, que se celebrar\u00e1 este mi\u00e9rcoles 22 de abril en el aulario de la Fundaci\u00f3n, se ha habilitado una lista de reserva. La sesi\u00f3n estar\u00e1 dedicada al marketing digital y a c\u00f3mo promocionar un negocio por Internet.<\/p>\n","protected":false},"author":1,"featured_media":17296,"comment_status":"closed","ping_status":"closed","sticky":false,"template":"","format":"standard","meta":{"footnotes":""},"categories":[3],"tags":[173,533,541,672,1353,1424],"featured_image_thumbnail_url":"https:\/\/fg.ull.es\/hemeroteca\/wp-content\/uploads\/sites\/14\/2015\/04\/pantalla_1280x720px-300x169.jpg","_links":{"self":[{"href":"https:\/\/fg.ull.es\/hemeroteca\/wp-json\/wp\/v2\/posts\/17293"}],"collection":[{"href":"https:\/\/fg.ull.es\/hemeroteca\/wp-json\/wp\/v2\/posts"}],"about":[{"href":"https:\/\/fg.ull.es\/hemeroteca\/wp-json\/wp\/v2\/types\/post"}],"author":[{"embeddable":true,"href":"https:\/\/fg.ull.es\/hemeroteca\/wp-json\/wp\/v2\/users\/1"}],"replies":[{"embeddable":true,"href":"https:\/\/fg.ull.es\/hemeroteca\/wp-json\/wp\/v2\/comments?post=17293"}],"version-history":[{"count":0,"href":"https:\/\/fg.ull.es\/hemeroteca\/wp-json\/wp\/v2\/posts\/17293\/revisions"}],"wp:featuredmedia":[{"embeddable":true,"href":"https:\/\/fg.ull.es\/hemeroteca\/wp-json\/wp\/v2\/media\/17296"}],"wp:attachment":[{"href":"https:\/\/fg.ull.es\/hemeroteca\/wp-json\/wp\/v2\/media?parent=17293"}],"wp:term":[{"taxonomy":"category","embeddable":true,"href":"https:\/\/fg.ull.es\/hemeroteca\/wp-json\/wp\/v2\/categories?post=17293"},{"taxonomy":"post_tag","embeddable":true,"href":"https:\/\/fg.ull.es\/hemeroteca\/wp-json\/wp\/v2\/tags?post=17293"}],"curies":[{"name":"wp","href":"https:\/\/api.w.org\/{rel}","templated":true}]}}