{"id":17290,"date":"2015-04-20T08:19:06","date_gmt":"2015-04-20T08:19:06","guid":{"rendered":"http:\/\/www.fg.ull.es\/?p=17290"},"modified":"2015-04-20T08:19:06","modified_gmt":"2015-04-20T08:19:06","slug":"ultimos-dias-de-inscripcion-para-el-curso-online-marketing-de-contenidos-para-blogs-y-redes","status":"publish","type":"post","link":"https:\/\/fg.ull.es\/hemeroteca\/2015\/04\/20\/ultimos-dias-de-inscripcion-para-el-curso-online-marketing-de-contenidos-para-blogs-y-redes\/","title":{"rendered":"\u00daltimos d\u00edas de inscripci\u00f3n para el curso online &#039;Marketing de contenidos para blogs y redes&#039;"},"content":{"rendered":"<h1>\u00daltimos d\u00edas de inscripci\u00f3n para el curso online &#8216;Marketing de contenidos para blogs y redes&#8217;<\/h1>\n<p>&nbsp;<\/p>\n<h4>El curso ha comenzado a impartirse hoy, 20 de abril, y se desarrollar\u00e1 hasta el 3 de mayo. Es convalidable por 2 ECTS y tiene una duraci\u00f3n de veinte horas de formaci\u00f3n online. La inscripci\u00f3n se podr\u00e1 realizar hasta el 22 de abril a trav\u00e9s de la sede electr\u00f3nica de la Fundaci\u00f3n.<\/h4>\n<p>&nbsp;<br \/>\nEl curso online \u2018Marketing de contenidos para blogs y redes\u2019 ha comenzado a impartirse hoy, 20 de abril. La inscripci\u00f3n para esta actividad formativa, que tendr\u00e1 una duraci\u00f3n de veinte horas y ser\u00e1 convalidable por 2 ECTS, se podr\u00e1 realizar hasta el 22 de abril a trav\u00e9s de la sede electr\u00f3nica de la Fundaci\u00f3n General de la ULL. Est\u00e1 especialmente dirigido a \u00a0estudiantes, nuevos blogueros, periodistas, gestores de comunidades online, profesionales o empresarios que necesiten compartir sus conocimientos, informaciones, opiniones y recomendaciones a trav\u00e9s de Internet.<br \/>\nLa formaci\u00f3n, que se desarrollar\u00e1 hasta el pr\u00f3ximo 3 de mayo, estar\u00e1 impartida por Jacob Celso Rodr\u00edguez Torres, consultor web y en captaci\u00f3n de clientes y desarrollador de proyectos en Internet; Oliver Serrano Le\u00f3n, licenciado en Psicolog\u00eda Social, Social Media Manager y Community Manager; y Marta Rodr\u00edguez Ruiz, consultora de Comunicaci\u00f3n especializada en gestionar la presencial digital.<br \/>\nEl objetivo principal de este curso es ense\u00f1ar a preparar de forma profesional publicaciones para blogs, p\u00e1ginas web y redes sociales. Los objetivos espec\u00edficos que se pretenden conseguir son: capacitar al alumnado en tres \u00e1reas: redacci\u00f3n y estilos de comunicaci\u00f3n, difusi\u00f3n en redes sociales, Internet y comunidades, as\u00ed como la creaci\u00f3n de un blog y herramientas de comunicaci\u00f3n en Internet. El programa formativo estar\u00e1 compuesto por tres m\u00f3dulos orientados a desarrollar el aprendizaje en estas tres \u00e1reas.<br \/>\nEl material did\u00e1ctico se proporcionar\u00e1 en el campus virtual del curso. El 28 de abril de 17:30 a 19:30 horas en el aula 11 de la Fundaci\u00f3n General de la ULL tendr\u00e1 lugar una tutor\u00eda presencial no obligatoria para resolver dudas. Las personas que tengan dudas y no puedan resolverlas de manera presencial de forma justificada, podr\u00e1n resolverlas de forma online mediante videoconferencia el d\u00eda acordado por el profesorado.<br \/>\n<a href=\"https:\/\/sede.fg.ull.es\/es\/curso\/detalle\/a15030214\/marketing-de-contenidos-para-blogs-y-redes?utm_source=webMK&amp;utm_medium=landing&amp;utm_content=CA&amp;utm_campaign=MKTCNT2\">(Inscripci\u00f3n aqu\u00ed)<\/a><br \/>\n<a href=\"http:\/\/www.mejoratuscompetencias.com\/mktcontenidos\/\">(M\u00e1s informaci\u00f3n aqu\u00ed)<\/a><\/p>\n","protected":false},"excerpt":{"rendered":"<p>El curso ha comenzado a impartirse hoy, 20 de abril, y se desarrollar\u00e1 hasta el 3 de mayo. Es convalidable por 2 ECTS y tiene una duraci\u00f3n de veinte horas de formaci\u00f3n online. La inscripci\u00f3n se podr\u00e1 realizar hasta el 22 de abril a trav\u00e9s de la sede electr\u00f3nica de la Fundaci\u00f3n.<\/p>\n","protected":false},"author":1,"featured_media":17291,"comment_status":"closed","ping_status":"closed","sticky":false,"template":"","format":"standard","meta":{"footnotes":""},"categories":[5],"tags":[173,425,672,855,1353,1424],"featured_image_thumbnail_url":"https:\/\/fg.ull.es\/hemeroteca\/wp-content\/uploads\/sites\/14\/2015\/06\/cartel_del_curso-marketing-300x169.jpg","_links":{"self":[{"href":"https:\/\/fg.ull.es\/hemeroteca\/wp-json\/wp\/v2\/posts\/17290"}],"collection":[{"href":"https:\/\/fg.ull.es\/hemeroteca\/wp-json\/wp\/v2\/posts"}],"about":[{"href":"https:\/\/fg.ull.es\/hemeroteca\/wp-json\/wp\/v2\/types\/post"}],"author":[{"embeddable":true,"href":"https:\/\/fg.ull.es\/hemeroteca\/wp-json\/wp\/v2\/users\/1"}],"replies":[{"embeddable":true,"href":"https:\/\/fg.ull.es\/hemeroteca\/wp-json\/wp\/v2\/comments?post=17290"}],"version-history":[{"count":0,"href":"https:\/\/fg.ull.es\/hemeroteca\/wp-json\/wp\/v2\/posts\/17290\/revisions"}],"wp:featuredmedia":[{"embeddable":true,"href":"https:\/\/fg.ull.es\/hemeroteca\/wp-json\/wp\/v2\/media\/17291"}],"wp:attachment":[{"href":"https:\/\/fg.ull.es\/hemeroteca\/wp-json\/wp\/v2\/media?parent=17290"}],"wp:term":[{"taxonomy":"category","embeddable":true,"href":"https:\/\/fg.ull.es\/hemeroteca\/wp-json\/wp\/v2\/categories?post=17290"},{"taxonomy":"post_tag","embeddable":true,"href":"https:\/\/fg.ull.es\/hemeroteca\/wp-json\/wp\/v2\/tags?post=17290"}],"curies":[{"name":"wp","href":"https:\/\/api.w.org\/{rel}","templated":true}]}}