{"id":17283,"date":"2015-04-20T08:14:30","date_gmt":"2015-04-20T08:14:30","guid":{"rendered":"http:\/\/www.fg.ull.es\/?p=17283"},"modified":"2015-04-20T08:14:30","modified_gmt":"2015-04-20T08:14:30","slug":"emprende-ull-participara-manana-en-las-jornadas-de-emprendimiento-del-ies-la-orotava","status":"publish","type":"post","link":"https:\/\/fg.ull.es\/hemeroteca\/2015\/04\/20\/emprende-ull-participara-manana-en-las-jornadas-de-emprendimiento-del-ies-la-orotava\/","title":{"rendered":"Emprende.ull participar\u00e1 ma\u00f1ana en las &#039;Jornadas de emprendimiento&#039; del IES La Orotava"},"content":{"rendered":"<h1>Emprende.ull participar\u00e1 ma\u00f1ana en las &#8216;Jornadas de emprendimiento&#8217; del IES La Orotava<\/h1>\n<p>&nbsp;<\/p>\n<h4>Un miembro del equipo t\u00e9cnico de la Unidad de Emprendimiento de la Fundaci\u00f3n General de la ULL ofrecer\u00e1 una charla ma\u00f1ana, 21 de abril, de 9:45 a 10:30 horas. Tras su intervenci\u00f3n, dar\u00e1 paso a tres \u00a0j\u00f3venes emprendedores que han desarrollado o se encuentran desarrollando sus ideas de negocio con Emprende.ull.<\/h4>\n<p>&nbsp;<br \/>\nLa Unidad de Emprendimiento de la Fundaci\u00f3n General de la Universidad de La Laguna, Emprende.ull, estar\u00e1 presente ma\u00f1ana [21 de abril] en las \u2018Jornadas de emprendimiento y emprendimiento social\u2019 que IES La Orotava &#8211; Manuel Glez. P\u00e9rez celebra dentro de su semana cultural.<br \/>\nSamuel Reyes, miembro del equipo t\u00e9cnico de la Unidad, impartir\u00e1 una charla de 9:45 a 10:30 horas en la que motivar\u00e1 al alumnado a emprender y dar\u00e1 algunas claves para saber si una idea puede convertirse en un negocio. Tras su intervenci\u00f3n, de 10:30 a 11:45 horas tres j\u00f3venes emprendedores, que han trabajado o se encuentran desarrollando sus ideas de negocio con Emprende.ull, compartir\u00e1n sus experiencias y presentar\u00e1n sus proyectos a los\/as estudiantes. Concretamente, Isana S\u00e1nchez Curbelo hablar\u00e1 sobre su proyecto \u2018Elixir-Clothes\u2019, basado en la venta online de leggins; Jos\u00e9 Pascual Arroyo Mart\u00edn, expondr\u00e1 \u2018Hobby\u2019, una plataforma de generaci\u00f3n y b\u00fasqueda de eventos de ocio; y finalmente Diego Gonz\u00e1lez Agulla presentar\u00e1 al alumnado su proyecto \u2018E-men\u00fa\u2019, un sistema integrado de cartas de restaurantes.<br \/>\nEstas jornadas de emprendimiento se desarrollar\u00e1n durante el 21 y 22 de abril en horario acad\u00e9mico, de 9 a 14 horas. Su objetivo es fomentar el esp\u00edritu emprendedor, sobre todo desde una dimensi\u00f3n social, en el alumnado de FP del Instituto. Tambi\u00e9n se pretende avanzar en la formaci\u00f3n de una cultura emprendedora en el \u00e1mbito educativo, tanto como salida profesional, formaci\u00f3n humana y contribuci\u00f3n al desarrollo del tejido productivo local.<\/p>\n","protected":false},"excerpt":{"rendered":"<p>Un miembro del equipo t\u00e9cnico de la Unidad de Emprendimiento de la Fundaci\u00f3n General de la ULL ofrecer\u00e1 una charla ma\u00f1ana, 21 de abril, de 9:45 a 10:30 horas. Tras su intervenci\u00f3n, dar\u00e1 paso a tres  j\u00f3venes emprendedores que han desarrollado o se encuentran desarrollando sus ideas de negocio con Emprende.ull.<\/p>\n","protected":false},"author":1,"featured_media":17285,"comment_status":"closed","ping_status":"closed","sticky":false,"template":"","format":"standard","meta":{"footnotes":""},"categories":[3],"tags":[173,533,541,672,1353],"featured_image_thumbnail_url":"https:\/\/fg.ull.es\/hemeroteca\/wp-content\/uploads\/sites\/14\/2015\/06\/cartel_de_las_jornadasjpg-212x300.jpg","_links":{"self":[{"href":"https:\/\/fg.ull.es\/hemeroteca\/wp-json\/wp\/v2\/posts\/17283"}],"collection":[{"href":"https:\/\/fg.ull.es\/hemeroteca\/wp-json\/wp\/v2\/posts"}],"about":[{"href":"https:\/\/fg.ull.es\/hemeroteca\/wp-json\/wp\/v2\/types\/post"}],"author":[{"embeddable":true,"href":"https:\/\/fg.ull.es\/hemeroteca\/wp-json\/wp\/v2\/users\/1"}],"replies":[{"embeddable":true,"href":"https:\/\/fg.ull.es\/hemeroteca\/wp-json\/wp\/v2\/comments?post=17283"}],"version-history":[{"count":0,"href":"https:\/\/fg.ull.es\/hemeroteca\/wp-json\/wp\/v2\/posts\/17283\/revisions"}],"wp:featuredmedia":[{"embeddable":true,"href":"https:\/\/fg.ull.es\/hemeroteca\/wp-json\/wp\/v2\/media\/17285"}],"wp:attachment":[{"href":"https:\/\/fg.ull.es\/hemeroteca\/wp-json\/wp\/v2\/media?parent=17283"}],"wp:term":[{"taxonomy":"category","embeddable":true,"href":"https:\/\/fg.ull.es\/hemeroteca\/wp-json\/wp\/v2\/categories?post=17283"},{"taxonomy":"post_tag","embeddable":true,"href":"https:\/\/fg.ull.es\/hemeroteca\/wp-json\/wp\/v2\/tags?post=17283"}],"curies":[{"name":"wp","href":"https:\/\/api.w.org\/{rel}","templated":true}]}}