{"id":17176,"date":"2015-04-17T12:19:25","date_gmt":"2015-04-17T12:19:25","guid":{"rendered":"http:\/\/www.fg.ull.es\/?p=17176"},"modified":"2015-04-17T12:19:25","modified_gmt":"2015-04-17T12:19:25","slug":"la-ull-acogera-en-mayo-un-curso-gratuito-de-marketing-digital-del-proyecto-activate-de-google","status":"publish","type":"post","link":"https:\/\/fg.ull.es\/hemeroteca\/2015\/04\/17\/la-ull-acogera-en-mayo-un-curso-gratuito-de-marketing-digital-del-proyecto-activate-de-google\/","title":{"rendered":"La ULL acoger\u00e1 en mayo un curso gratuito de marketing digital del proyecto &#039;Act\u00edvate&#039; de Google"},"content":{"rendered":"<h1>La ULL acoger\u00e1 en mayo un curso gratuito de marketing digital del proyecto &#8216;Act\u00edvate&#8217; de Google<\/h1>\n<p>&nbsp;<\/p>\n<h4>Se impartir\u00e1 del 18 al 22 de mayo en el Aula Magna del Aulario de Guajara de la ULL y constar\u00e1 de cuarenta horas de formaci\u00f3n presencial. Est\u00e1 dirigido a titulados universitarios de toda Espa\u00f1a que se encuentren en desempleo o en b\u00fasqueda activa. Las plazas son limitadas.<\/h4>\n<p>&nbsp;<br \/>\nLa Universidad de La Laguna volver\u00e1 a acoger el pr\u00f3ximo mes de mayo un nuevo curso gratuito de marketing digital del proyecto \u2018Act\u00edvate\u2019 de Google. Se impartir\u00e1 del 18 al 22 de mayo en el Aula Magna del Aulario de Guajara de la ULL de 8:30 a 18:30 horas y abarcar\u00e1 un total de cuarenta horas lectivas de manera presencial. Est\u00e1 dirigido a titulados\/as universitarios\/as de toda Espa\u00f1a que se encuentren en situaci\u00f3n de desempleo o en b\u00fasqueda activa del mismo. \u00a0Las plazas son limitadas, por lo que habr\u00e1 que realizar una inscripci\u00f3n a trav\u00e9s de la web de la iniciativa.<br \/>\nEl objetivo de esta actividad formativa es la adquisici\u00f3n de competencias digitales que ayuden a mejorar al alumnado su empleabilidad y\/o a fomentar su emprendimiento. Asimismo, se tratar\u00e1 de ense\u00f1ar al alumnado los fundamentos b\u00e1sicos para poder realizar acciones de promoci\u00f3n comercial en Internet: posicionamiento en buscadores (SEO y SEM), anal\u00edtica web, usabilidad, contrataci\u00f3n de publicidad en medios digitales, utilizaci\u00f3n de redes sociales, plan de marketing, etc. El programa completo puede consultarse <a href=\"https:\/\/www.formacionactivate.es\/agenda\/\">aqu\u00ed<\/a>.<br \/>\nLa evaluaci\u00f3n en este curso ser\u00e1 continua, puesto que cada d\u00eda, en la \u00faltima hora de la sesi\u00f3n, se realizar\u00e1 un test sobre los conocimientos impartidos. El curso incorpora talleres y casos pr\u00e1cticos para complementar la teor\u00eda, e incluso la visita de emprendedores que presentar\u00e1n su experiencia. El certificado de realizaci\u00f3n de esta acci\u00f3n formativa ser\u00e1 expedido por Interactive Advertisement Bureau (IAB), la asociaci\u00f3n que representa al sector de la publicidad en medios digitales en Espa\u00f1a.<br \/>\n<a href=\"http:\/\/design.formacionactivate.es\/newsletters\/invitacion\/index_tenerife.html\">(M\u00e1s informaci\u00f3n e inscripci\u00f3n aqu\u00ed)<\/a><\/p>\n","protected":false},"excerpt":{"rendered":"<p>Se impartir\u00e1 del 18 al 22 de mayo en el Aula Magna del Aulario de Guajara de la ULL y constar\u00e1 de cuarenta horas de formaci\u00f3n presencial. Est\u00e1 dirigido a titulados universitarios de toda Espa\u00f1a que se encuentren en desempleo o en b\u00fasqueda activa. Las plazas son limitadas.<\/p>\n","protected":false},"author":1,"featured_media":17179,"comment_status":"closed","ping_status":"closed","sticky":false,"template":"","format":"standard","meta":{"footnotes":""},"categories":[5],"tags":[173,421,672,1353,1424],"featured_image_thumbnail_url":"https:\/\/fg.ull.es\/hemeroteca\/wp-content\/uploads\/sites\/14\/2015\/06\/cartel_del_cursojpg-300x180.jpg","_links":{"self":[{"href":"https:\/\/fg.ull.es\/hemeroteca\/wp-json\/wp\/v2\/posts\/17176"}],"collection":[{"href":"https:\/\/fg.ull.es\/hemeroteca\/wp-json\/wp\/v2\/posts"}],"about":[{"href":"https:\/\/fg.ull.es\/hemeroteca\/wp-json\/wp\/v2\/types\/post"}],"author":[{"embeddable":true,"href":"https:\/\/fg.ull.es\/hemeroteca\/wp-json\/wp\/v2\/users\/1"}],"replies":[{"embeddable":true,"href":"https:\/\/fg.ull.es\/hemeroteca\/wp-json\/wp\/v2\/comments?post=17176"}],"version-history":[{"count":0,"href":"https:\/\/fg.ull.es\/hemeroteca\/wp-json\/wp\/v2\/posts\/17176\/revisions"}],"wp:featuredmedia":[{"embeddable":true,"href":"https:\/\/fg.ull.es\/hemeroteca\/wp-json\/wp\/v2\/media\/17179"}],"wp:attachment":[{"href":"https:\/\/fg.ull.es\/hemeroteca\/wp-json\/wp\/v2\/media?parent=17176"}],"wp:term":[{"taxonomy":"category","embeddable":true,"href":"https:\/\/fg.ull.es\/hemeroteca\/wp-json\/wp\/v2\/categories?post=17176"},{"taxonomy":"post_tag","embeddable":true,"href":"https:\/\/fg.ull.es\/hemeroteca\/wp-json\/wp\/v2\/tags?post=17176"}],"curies":[{"name":"wp","href":"https:\/\/api.w.org\/{rel}","templated":true}]}}