{"id":17172,"date":"2015-04-17T12:15:08","date_gmt":"2015-04-17T12:15:08","guid":{"rendered":"http:\/\/www.fg.ull.es\/?p=17172"},"modified":"2015-04-17T12:15:08","modified_gmt":"2015-04-17T12:15:08","slug":"el-primer-seminario-del-ii-curso-de-especializacion-hacia-destinos-turisticos-inteligentes-se-impartira-el-21-de-abril","status":"publish","type":"post","link":"https:\/\/fg.ull.es\/hemeroteca\/2015\/04\/17\/el-primer-seminario-del-ii-curso-de-especializacion-hacia-destinos-turisticos-inteligentes-se-impartira-el-21-de-abril\/","title":{"rendered":"El primer seminario del &#039;II Curso de Especializaci\u00f3n hacia Destinos Tur\u00edsticos Inteligentes&#039; se impartir\u00e1 el  21 de abril"},"content":{"rendered":"<h1>El primer seminario del &#8216;II Curso de Especializaci\u00f3n hacia Destinos Tur\u00edsticos Inteligentes&#8217; se impartir\u00e1 el\u00a0 21 de abril<\/h1>\n<p>&nbsp;<\/p>\n<h4>Se celebrar\u00e1 el pr\u00f3ximo martes 21 de abril de 9:00 a 13:30 horas en las instalaciones de la Factor\u00eda de Innovaci\u00f3n Tur\u00edstica de Canarias en Adeje. Est\u00e1 dirigido a profesionales del sector tur\u00edstico dedicados a la gesti\u00f3n p\u00fablico-privada, directores de empresas tur\u00edsticas, la comunidad universitaria interesada en el sector tur\u00edstico.<\/h4>\n<p>&nbsp;<br \/>\nEl pr\u00f3ximo 21 de abril comenzar\u00e1 a impartirse la segunda edici\u00f3n del \u2018Curso de Especializaci\u00f3n hacia Destinos Tur\u00edsticos Inteligentes\u2019 en las instalaciones de la Factor\u00eda de Innovaci\u00f3n Turist\u00edca de Canarias en Adeje. Esta formaci\u00f3n estar\u00e1 compuesta por seis seminarios, teniendo lugar el primer \u2018Fit Seminar: Inteligencia tur\u00edstica de destino, claves para dise\u00f1ar la oferta y controlar los flujos tur\u00edsticos\u201d en horario de 9:00 a 13:30 horas. Tras la firma del convenio entre la Factor\u00eda de Innovaci\u00f3n Tur\u00edstica de Canarias y la Fundaci\u00f3n general de la Universidad de La Laguna el pasado mes de marzo, esta es la primera acci\u00f3n formativa vinculada al sector tur\u00edstico que se desarrollar\u00e1 en las instalaciones de FIT Canarias.<br \/>\nEste primer seminario est\u00e1 especialmente dirigido a profesionales del sector tur\u00edstico dedicados a la gesti\u00f3n p\u00fablico-privada, directores de empresas tur\u00edsticas, comunidad universitaria interesada en el sector tur\u00edstico y cualquier otro profesional que necesite formarse en las nuevas herramientas digitales vinculadas a los destinos Smart. Las personas asistentes al curso aprender\u00e1n a desarrollar una estrategia que les permita tomar decisiones en base a las herramientas que se expongan.<br \/>\nLos objetivos que se pretenden conseguir en la sesi\u00f3n del 21 de abril son: acercar a los profesionales tur\u00edsticos las herramientas que el desarrollo tecnol\u00f3gico pone a su alcance a trav\u00e9s de los datos tur\u00edsticos y la informaci\u00f3n que generan; poner al servicio de las empresas los recursos de informaci\u00f3n y aprovechar las capacidades que estos ofrecen en los destinos inteligentes para tomar decisiones p\u00fablico-privadas; y ofrecer contenidos de inter\u00e9s sobre el sector, empresas o actividades culturales y de ocio que en \u00e9l se generan.<br \/>\nLa programaci\u00f3n de este primer Fit Seminar estar\u00e1 compuesta por los siguientes m\u00f3dulos, que est\u00e1n impartidos por profesores de la Universidad de La Laguna y profesionales del sector tur\u00edstico:<\/p>\n<ul>\n<li>Presentaci\u00f3n del Curso de especializaci\u00f3n en Destinos Tur\u00edsticos Inteligentes. Imparte Ricardo Fdez. de la Puente, Eduardo Parra y Carmen de Miguel.<\/li>\n<li>Inteligencia tur\u00edstica y gesti\u00f3n de microdestinos tur\u00edsticos. Imparte R a\u00fal Hdez, Director C\u00e1tedra Turismo Cajacanarias-Ashotel-ULL.<\/li>\n<li>Estad\u00edsticas de turismo en Canarias. Imparte Jefe de Servicio de Estad\u00edsticas Econ\u00f3micas del Instituto Canario de Estad\u00edsticas ISTAC, Alberto Gonz\u00e1lez Yanes.<\/li>\n<li>Entidades y n\u00facleos tur\u00edsticos de Canarias. Imparte T\u00e9cnico Responsable de Estad\u00edsticas Tur\u00edsticas del Instituto Canario de Estad\u00edsticas ISTAC, Yenis Marisel Glez Mora.<\/li>\n<li>La investigaci\u00f3n tur\u00edstica en Turismo de Tenerife. Imparte Directora de Investigaci\u00f3n Tur\u00edstica y Planificaci\u00f3n de Turismo de Tenerife, Silvia Canales Tafur.<\/li>\n<li>Investigaci\u00f3n y Conectividad desde PROMOTUR. Imparte Dpto. de Investigaci\u00f3n y Conectividad de Promotur, Mar\u00eda Guardiet de Vera.<\/li>\n<li>Taller pr\u00e1ctico \u2013 C\u00e1tedra ULL. Del dato a la informaci\u00f3n, de la informaci\u00f3n al conocimiento, del conocimiento a la toma de decisiones.<\/li>\n<\/ul>\n<p>La inscripci\u00f3n se podr\u00e1 realizar hasta el mismo d\u00eda 21 de abril a trav\u00e9s de la sede electr\u00f3nica de la Fundaci\u00f3n. El seminario tiene un coste de treinta euros para el p\u00fablico en general y de veinte euros para el alumnado de la ULL.<br \/>\n<a href=\"https:\/\/sede.fg.ull.es\/es\/curso\/detalle\/a15030259\/1-fit-seminar-inteligencia-turistica-de-destino-claves-para-dise-ar-la-oferta-y-controlar-los-flujos-turisticos\">(M\u00e1s informaci\u00f3n e inscripci\u00f3n aqu\u00ed)<\/a><\/p>\n","protected":false},"excerpt":{"rendered":"<p>Se celebrar\u00e1 el pr\u00f3ximo martes 21 de abril de 9:00 a 13:30 horas en las instalaciones de la Factor\u00eda de Innovaci\u00f3n Tur\u00edstica de Canarias en Adeje. Est\u00e1 dirigido a profesionales del sector tur\u00edstico dedicados a la gesti\u00f3n p\u00fablico-privada, directores de empresas tur\u00edsticas, la comunidad universitaria interesada en el sector tur\u00edstico.<\/p>\n","protected":false},"author":1,"featured_media":17173,"comment_status":"closed","ping_status":"closed","sticky":false,"template":"","format":"standard","meta":{"footnotes":""},"categories":[8],"tags":[173,672,821,1353,1392,1424],"featured_image_thumbnail_url":"https:\/\/fg.ull.es\/hemeroteca\/wp-content\/uploads\/sites\/14\/2015\/06\/cartel_del_seminariojpg-300x127.jpg","_links":{"self":[{"href":"https:\/\/fg.ull.es\/hemeroteca\/wp-json\/wp\/v2\/posts\/17172"}],"collection":[{"href":"https:\/\/fg.ull.es\/hemeroteca\/wp-json\/wp\/v2\/posts"}],"about":[{"href":"https:\/\/fg.ull.es\/hemeroteca\/wp-json\/wp\/v2\/types\/post"}],"author":[{"embeddable":true,"href":"https:\/\/fg.ull.es\/hemeroteca\/wp-json\/wp\/v2\/users\/1"}],"replies":[{"embeddable":true,"href":"https:\/\/fg.ull.es\/hemeroteca\/wp-json\/wp\/v2\/comments?post=17172"}],"version-history":[{"count":0,"href":"https:\/\/fg.ull.es\/hemeroteca\/wp-json\/wp\/v2\/posts\/17172\/revisions"}],"wp:featuredmedia":[{"embeddable":true,"href":"https:\/\/fg.ull.es\/hemeroteca\/wp-json\/wp\/v2\/media\/17173"}],"wp:attachment":[{"href":"https:\/\/fg.ull.es\/hemeroteca\/wp-json\/wp\/v2\/media?parent=17172"}],"wp:term":[{"taxonomy":"category","embeddable":true,"href":"https:\/\/fg.ull.es\/hemeroteca\/wp-json\/wp\/v2\/categories?post=17172"},{"taxonomy":"post_tag","embeddable":true,"href":"https:\/\/fg.ull.es\/hemeroteca\/wp-json\/wp\/v2\/tags?post=17172"}],"curies":[{"name":"wp","href":"https:\/\/api.w.org\/{rel}","templated":true}]}}