{"id":17045,"date":"2015-04-17T10:25:32","date_gmt":"2015-04-17T10:25:32","guid":{"rendered":"http:\/\/www.fg.ull.es\/?p=17045"},"modified":"2015-04-17T10:25:32","modified_gmt":"2015-04-17T10:25:32","slug":"el-proyecto-emprende-isora-recibio-ayer-el-premio-impulso-sur-a-la-innovacion","status":"publish","type":"post","link":"https:\/\/fg.ull.es\/hemeroteca\/2015\/04\/17\/el-proyecto-emprende-isora-recibio-ayer-el-premio-impulso-sur-a-la-innovacion\/","title":{"rendered":"El proyecto Emprende.Isora recibi\u00f3 ayer el Premio Impulso Sur a la Innovaci\u00f3n"},"content":{"rendered":"<h1>El proyecto Emprende.Isora recibi\u00f3 ayer el Premio Impulso Sur a la Innovaci\u00f3n<\/h1>\n<p>Estos premios est\u00e1n organizados por el Grupo de Comunicaci\u00f3n DIARIO DE AVISOS y buscan distinguir a la sociedad, personas y colectivos de la zona.<br \/>\nAyer en el Auditorio Municipal de Gu\u00eda de Isora, se celebr\u00f3 la tercera edici\u00f3n de los galardones Impulso Sur que tratan de impulsar el reconocimiento de entidades y personas que han apostado por el sur de la Isla y han contribuido a su desarrollo social, econ\u00f3mico, cultural y deportivo. El certamen est\u00e1 organizado por el Grupo de Comunicaci\u00f3n DIARIO DE AVISOS.<br \/>\nEl proyecto de dinamizaci\u00f3n empresarial Emprende.Isora recib\u00eda la distinci\u00f3n a la Innovaci\u00f3n; lo recog\u00eda el rector de la Universidad de La Laguna, Eduardo Dom\u00e9nech, y el concejal del \u00c1rea de Empleo, Desarrollo Local del Ayuntamiento de Gu\u00eda de Isora, H\u00e9ctor Jos\u00e9 G\u00f3mez Hern\u00e1ndez.<br \/>\nEl proyecto Emprende.Isora, se presentaba el pasado 23 de febrero en el Centro de Empresas del municipio de Gu\u00eda de Isora. Actualmente, son doce los proyectos empresariales. Los sectores de actividad que abarcan estas iniciativas son: la sanidad, la ganader\u00eda y agricultura ecol\u00f3gica, el turismo, la hosteler\u00eda, la educaci\u00f3n, la confecci\u00f3n textil y otros servicios como la dinamizaci\u00f3n sociocultural y la pesca deportiva. Asimismo, hasta el momento se ha dado informaci\u00f3n sobre el proyecto y se ha asesorado sobre el alta de aut\u00f3nomos, seguridad social, subvenciones y pr\u00e9stamos a treinta y dos personas.<br \/>\nUno de los pilares del proyecto ha sido la formaci\u00f3n. Por el momento se ha realizado una `C\u00e1psula de Generaci\u00f3n de Ideas de Negocio\u00b4. Esta formaci\u00f3n tuvo lugar el 29 de enero y cont\u00f3 con la asistencia de siete personas. Estuvo especialmente dirigida a personas con inquietudes emprendedoras que carecieran de una idea empresarial definida.\u00a0 Tambi\u00e9n se ha celebrado ya, en los meses de febrero y marzo, el taller `Prep\u00e1rate para Emprender\u00b4, que cont\u00f3 con la participaci\u00f3n de doce personas.<br \/>\nEn los pr\u00f3ximos meses se continuar\u00e1n realizando m\u00e1s actividades formativas dedicadas a formaci\u00f3n espec\u00edfica en marketing. Estas acciones se impartir\u00e1n en forma de p\u00edldoras formativas, talleres cortos, muy pr\u00e1cticos y concretos, sobre temas de inter\u00e9s para las personas con motivaci\u00f3n emprendedora. Tambi\u00e9n se continuar\u00e1n con los asesoramientos individualizados y tutorizados a los proyectos empresariales.<br \/>\nEl Centro de Empresas de Gu\u00eda de Isora donde se desarrollan todas las acciones del proyecto, cuenta con cinco viveros para acoger a empresas o personas emprendedoras en su fase inicial. Actualmente, dos empresas de reciente creaci\u00f3n, un aut\u00f3nomo y una persona emprendedora est\u00e1n interesados en instalarse en estos viveros. El vivero del Centro de Empresas tiene como objetivo acompa\u00f1ar a las empresas y personas emprendedoras que se instalen all\u00ed, as\u00ed como prestarles asesoramiento individualizado y servicios adaptados a las necesidades de cada proyecto empresarial durante su primer a\u00f1o de vida.<br \/>\n<b>Emprende.Isora<\/b><br \/>\nEmprende.Isora es un proyecto que surge gracias al a colaboraci\u00f3n entre la Universidad de La Laguna, su Fundaci\u00f3n General y el Ayuntamiento de Gu\u00eda de Isora. La iniciativa nace con el objetivo de fomentar las acciones de emprendimiento entre los ciudadanos del municipio, as\u00ed como promover la consolidaci\u00f3n y supervivencia de empresas, tanto de nueva creaci\u00f3n como con un largo recorrido.<br \/>\n&nbsp;<\/p>\n","protected":false},"excerpt":{"rendered":"<p>Estos premios est\u00e1n organizados por el Grupo de Comunicaci\u00f3n DIARIO DE AVISOS y buscan distinguir a la sociedad, personas y colectivos de la zona.<\/p>\n","protected":false},"author":1,"featured_media":17046,"comment_status":"closed","ping_status":"closed","sticky":false,"template":"","format":"standard","meta":{"footnotes":""},"categories":[3],"tags":[173,518,533,541,548],"featured_image_thumbnail_url":"https:\/\/fg.ull.es\/hemeroteca\/wp-content\/uploads\/sites\/14\/2015\/06\/todos_los_premiados_sobre_el_escenariojpg-300x200.jpg","_links":{"self":[{"href":"https:\/\/fg.ull.es\/hemeroteca\/wp-json\/wp\/v2\/posts\/17045"}],"collection":[{"href":"https:\/\/fg.ull.es\/hemeroteca\/wp-json\/wp\/v2\/posts"}],"about":[{"href":"https:\/\/fg.ull.es\/hemeroteca\/wp-json\/wp\/v2\/types\/post"}],"author":[{"embeddable":true,"href":"https:\/\/fg.ull.es\/hemeroteca\/wp-json\/wp\/v2\/users\/1"}],"replies":[{"embeddable":true,"href":"https:\/\/fg.ull.es\/hemeroteca\/wp-json\/wp\/v2\/comments?post=17045"}],"version-history":[{"count":0,"href":"https:\/\/fg.ull.es\/hemeroteca\/wp-json\/wp\/v2\/posts\/17045\/revisions"}],"wp:featuredmedia":[{"embeddable":true,"href":"https:\/\/fg.ull.es\/hemeroteca\/wp-json\/wp\/v2\/media\/17046"}],"wp:attachment":[{"href":"https:\/\/fg.ull.es\/hemeroteca\/wp-json\/wp\/v2\/media?parent=17045"}],"wp:term":[{"taxonomy":"category","embeddable":true,"href":"https:\/\/fg.ull.es\/hemeroteca\/wp-json\/wp\/v2\/categories?post=17045"},{"taxonomy":"post_tag","embeddable":true,"href":"https:\/\/fg.ull.es\/hemeroteca\/wp-json\/wp\/v2\/tags?post=17045"}],"curies":[{"name":"wp","href":"https:\/\/api.w.org\/{rel}","templated":true}]}}