{"id":17036,"date":"2015-04-17T09:51:41","date_gmt":"2015-04-17T09:51:41","guid":{"rendered":"http:\/\/www.fg.ull.es\/?p=17036"},"modified":"2015-04-17T09:51:41","modified_gmt":"2015-04-17T09:51:41","slug":"matricula-abierta-para-el-summer-campus-2015","status":"publish","type":"post","link":"https:\/\/fg.ull.es\/hemeroteca\/2015\/04\/17\/matricula-abierta-para-el-summer-campus-2015\/","title":{"rendered":"Matr\u00edcula abierta para el Summer Campus 2015"},"content":{"rendered":"<h1><strong>Matr\u00edcula abierta para el Summer Campus 2015<\/strong><\/h1>\n<p>Se trata de un campamento urbano de verano centrado en el aprendizaje de idiomas y en actividades de fomento de la creatividad. Est\u00e1 dirigido a ni\u00f1os y ni\u00f1as de 5 a 13 a\u00f1os y ya est\u00e1 disponible la matr\u00edcula.<br \/>\nPor tercer a\u00f1o consecutivo la Fundaci\u00f3n General de la ULL y el Servicio de Idiomas presentan el campamento urbano de verano `Summer Campus\u00b4.\u00a0 Se dirige a ni\u00f1os y ni\u00f1as con edades comprendidas entre los 5 y los 13 a\u00f1os, en dos grupos: de 5 a 8 a\u00f1os y de 9 a 13 a\u00f1os<br \/>\nDurante su estancia los ni\u00f1os recibir\u00e1n clases de ingl\u00e9s y alem\u00e1n, talleres de teatro, ciencias y habilidades. De forma transversal se intentar\u00e1 inculcar el valor del emprendimiento, desarrollando el esp\u00edritu innovador desde las edades m\u00e1s tempranas.<br \/>\nTendr\u00e1 lugar en La Laguna, en el Campus Central de la ULL, desde el 22 de junio\u00a0 al 30 de julio, de lunes a viernes y entre las 9 y las 14 horas de la tarde; cuenta tambi\u00e9n con un `servicio de permanencia\u00b4desde las 8 de la ma\u00f1ana, para facilitar la llegada al trabajo de los padres y madres.<br \/>\n<a href=\"http:\/\/www.fg.ull.es\/es\/proyecto\/summer_campus_2015\/71\/\">M\u00e1s informaci\u00f3n y matr\u00edcula aqu\u00ed<\/a><\/p>\n","protected":false},"excerpt":{"rendered":"<p>El Summer Campus 2015 es un campamento urbano de verano centrado en el aprendizaje de idiomas y en actividades de fomento de la creatividad. Est\u00e1 dirigido a ni\u00f1os y ni\u00f1as de 5 a 13 a\u00f1os y ya est\u00e1 disponible la matr\u00edcula.<\/p>\n","protected":false},"author":1,"featured_media":17040,"comment_status":"closed","ping_status":"closed","sticky":false,"template":"","format":"standard","meta":{"footnotes":""},"categories":[5],"tags":[173,672,780,1286,1353,1424],"featured_image_thumbnail_url":"https:\/\/fg.ull.es\/hemeroteca\/wp-content\/uploads\/sites\/14\/2015\/06\/pantalla_1280x720-01-300x169.jpg","_links":{"self":[{"href":"https:\/\/fg.ull.es\/hemeroteca\/wp-json\/wp\/v2\/posts\/17036"}],"collection":[{"href":"https:\/\/fg.ull.es\/hemeroteca\/wp-json\/wp\/v2\/posts"}],"about":[{"href":"https:\/\/fg.ull.es\/hemeroteca\/wp-json\/wp\/v2\/types\/post"}],"author":[{"embeddable":true,"href":"https:\/\/fg.ull.es\/hemeroteca\/wp-json\/wp\/v2\/users\/1"}],"replies":[{"embeddable":true,"href":"https:\/\/fg.ull.es\/hemeroteca\/wp-json\/wp\/v2\/comments?post=17036"}],"version-history":[{"count":0,"href":"https:\/\/fg.ull.es\/hemeroteca\/wp-json\/wp\/v2\/posts\/17036\/revisions"}],"wp:featuredmedia":[{"embeddable":true,"href":"https:\/\/fg.ull.es\/hemeroteca\/wp-json\/wp\/v2\/media\/17040"}],"wp:attachment":[{"href":"https:\/\/fg.ull.es\/hemeroteca\/wp-json\/wp\/v2\/media?parent=17036"}],"wp:term":[{"taxonomy":"category","embeddable":true,"href":"https:\/\/fg.ull.es\/hemeroteca\/wp-json\/wp\/v2\/categories?post=17036"},{"taxonomy":"post_tag","embeddable":true,"href":"https:\/\/fg.ull.es\/hemeroteca\/wp-json\/wp\/v2\/tags?post=17036"}],"curies":[{"name":"wp","href":"https:\/\/api.w.org\/{rel}","templated":true}]}}