{"id":16609,"date":"2015-04-16T13:38:16","date_gmt":"2015-04-16T13:38:16","guid":{"rendered":"http:\/\/www.fg.ull.es\/?p=16609"},"modified":"2015-04-16T13:38:16","modified_gmt":"2015-04-16T13:38:16","slug":"comienza-el-curso-como-divulgar-mi-investigacion-cientifica-para-mejorar-las-habilidades-de-difusion-de-la-comunidad-investigadora-de-la-ull","status":"publish","type":"post","link":"https:\/\/fg.ull.es\/hemeroteca\/2015\/04\/16\/comienza-el-curso-como-divulgar-mi-investigacion-cientifica-para-mejorar-las-habilidades-de-difusion-de-la-comunidad-investigadora-de-la-ull\/","title":{"rendered":"Comienza el curso &#039;\u00bfC\u00f3mo divulgar mi investigaci\u00f3n cient\u00edfica?&#039; para mejorar las habilidades de difusi\u00f3n de la comunidad investigadora de la ULL"},"content":{"rendered":"<p style='text-align: left'>Ayer [15 de abril] arrancaba en la sede de la Fundaci&oacute;n General de la Universidad de La Laguna la formaci&oacute;n&nbsp;&iquest;C&oacute;mo divulgar mi investigaci&oacute;n cient&iacute;fica?&nbsp;en la que participan veintis&eacute;is investigadores de la Universidad de La Laguna. El curso,&nbsp; organizado por la Universidad de La Laguna y su Fundaci&oacute;n General, a trav&eacute;s de la Unidad de Cultura Cient&iacute;fica y de la Innovaci&oacute;n, Cienci@ULL, pretende sensibilizar y aportar las herramientas necesarias para que la comunidad investigadora pueda trasladar sus trabajos de investigaci&oacute;n a la sociedad.<\/p>\n<p style='text-align: left'>&nbsp;<\/p>\n<p><\/p>\n<p>La formaci&oacute;n arrancaba con una bienvenida por parte de la directora acad&eacute;mica del curso, la decana de la Facultad de Ciencias Pol&iacute;ticas, Sociales y de la Comunicaci&oacute;n, Carmen Rodr&iacute;guez Wang&uuml;emert, y el equipo docente. Tambi&eacute;n asist&iacute;a C&aacute;ndida Gonz&aacute;lez Afonso, directora del Gabinete de Comunicaci&oacute;n de la Universidad de Laguna y el personal t&eacute;cnico de la Unidad de Cultura Cient&iacute;fica y de la Innovaci&oacute;n, Cienci@ULL.<\/p>\n<p>A partir de ahora, el grupo de investigadores participar&aacute; en siete sesiones cuyos contenidos versar&aacute;n sobre temas como la divulgaci&oacute;n a trav&eacute;s de medios de comunicaci&oacute;n escritos y audiovisuales, la comunicaci&oacute;n de la ciencia en las redes sociales, &nbsp;la mejora de la efectividad en las comunicaciones p&uacute;blicas o aspectos relacionados con la publicaci&oacute;n en &nbsp;revistas cient&iacute;ficas y sobre patentes.<\/p>\n<p>La formaci&oacute;n ser&aacute; eminentemente pr&aacute;ctica y los investigadores entrar&aacute;n en contacto con profesionales de los medios de comunicaci&oacute;n locales y con expertos en divulgaci&oacute;n cient&iacute;fica y comunicaci&oacute;n en Internet.<\/p>\n<p>La finalidad de esta actividad formativa es motivar a los investigadores de la ULL acerca de la importancia de comunicar y divulgar los resultados de su actividad a la sociedad, con un lenguaje cercano y manteniendo el rigor cient&iacute;fico.<\/p>\n<p><strong>(M&aacute;s informaci&oacute;n <a href='http:\/\/ciencia.fg.ull.es\/actividades\/personal-investigador\/'>aqu&iacute;<\/a>)<\/strong><\/p>\n","protected":false},"excerpt":{"rendered":"<p style='text-align: left'>Ayer [15 de abril] arrancaba en la sede de la Fundaci&oacute;n General de la Universidad de La Laguna la formaci&oacute;n&nbsp;&iquest;C&oacute;mo divulgar mi investigaci&oacute;n cient&iacute;fica?&nbsp;en la que participan veintis&eacute;is investigadores de la Universidad de La Laguna. El curso,&nbsp; organizado por la Universidad de La Laguna y su Fundaci&oacute;n General, a trav&eacute;s de la Unidad de Cultura Cient&iacute;fica y de la Innovaci&oacute;n, Cienci@ULL, pretende sensibilizar y aportar las herramientas necesarias para que la comunidad investigadora pueda trasladar sus trabajos de investigaci&oacute;n a la sociedad.<\/p>\n<p style='text-align: left'>&nbsp;<\/p>\n","protected":false},"author":36,"featured_media":16608,"comment_status":"closed","ping_status":"open","sticky":false,"template":"","format":"standard","meta":{"footnotes":""},"categories":[8],"tags":[173,339,1353,1424],"featured_image_thumbnail_url":"https:\/\/fg.ull.es\/hemeroteca\/wp-content\/uploads\/sites\/14\/2015\/04\/2901_ne_apertura_curso_divul_2-300x201.jpg","_links":{"self":[{"href":"https:\/\/fg.ull.es\/hemeroteca\/wp-json\/wp\/v2\/posts\/16609"}],"collection":[{"href":"https:\/\/fg.ull.es\/hemeroteca\/wp-json\/wp\/v2\/posts"}],"about":[{"href":"https:\/\/fg.ull.es\/hemeroteca\/wp-json\/wp\/v2\/types\/post"}],"author":[{"embeddable":true,"href":"https:\/\/fg.ull.es\/hemeroteca\/wp-json\/wp\/v2\/users\/36"}],"replies":[{"embeddable":true,"href":"https:\/\/fg.ull.es\/hemeroteca\/wp-json\/wp\/v2\/comments?post=16609"}],"version-history":[{"count":0,"href":"https:\/\/fg.ull.es\/hemeroteca\/wp-json\/wp\/v2\/posts\/16609\/revisions"}],"wp:featuredmedia":[{"embeddable":true,"href":"https:\/\/fg.ull.es\/hemeroteca\/wp-json\/wp\/v2\/media\/16608"}],"wp:attachment":[{"href":"https:\/\/fg.ull.es\/hemeroteca\/wp-json\/wp\/v2\/media?parent=16609"}],"wp:term":[{"taxonomy":"category","embeddable":true,"href":"https:\/\/fg.ull.es\/hemeroteca\/wp-json\/wp\/v2\/categories?post=16609"},{"taxonomy":"post_tag","embeddable":true,"href":"https:\/\/fg.ull.es\/hemeroteca\/wp-json\/wp\/v2\/tags?post=16609"}],"curies":[{"name":"wp","href":"https:\/\/api.w.org\/{rel}","templated":true}]}}