{"id":16565,"date":"2015-04-13T11:35:41","date_gmt":"2015-04-13T11:35:41","guid":{"rendered":"http:\/\/www.fg.ull.es\/?p=16565"},"modified":"2015-04-13T11:35:41","modified_gmt":"2015-04-13T11:35:41","slug":"ultimo-dia-de-inscripcion-para-la-capsula-de-generacion-de-ideas-empresariales-de-emprende-lalaguna","status":"publish","type":"post","link":"https:\/\/fg.ull.es\/hemeroteca\/2015\/04\/13\/ultimo-dia-de-inscripcion-para-la-capsula-de-generacion-de-ideas-empresariales-de-emprende-lalaguna\/","title":{"rendered":"\u00daltimo d\u00eda de inscripci\u00f3n para la &#039;C\u00e1psula de Generaci\u00f3n de Ideas Empresariales&#039; de Emprende.LaLaguna"},"content":{"rendered":"<p>Se impartir&aacute; ma&ntilde;ana, 14 de abril, de 9 a 18 horas en el aulario de la Fundaci&oacute;n General de la ULL. La inscripci&oacute;n se puede realizar hasta hoy, 13 de abril, a trav&eacute;s de la sede electr&oacute;nica de la Fundaci&oacute;n.<\/p>\n<p><\/p>\n<p>La primera &lsquo;C&aacute;psula de Generaci&oacute;n de Ideas Empresariales&rsquo; de Emprende.LaLaguna de este a&ntilde;o 2015 se celebrar&aacute; ma&ntilde;ana, 14 de abril, en el aulario de la Fundaci&oacute;n General de la Universidad de La Laguna. Se desarrollar&aacute; de forma intensiva de 9 a 18 horas y se podr&aacute; realizar la inscripci&oacute;n hasta hoy, 13 de abril, a trav&eacute;s de la sede electr&oacute;nica de la Fundaci&oacute;n.<\/p>\n<p>Esta formaci&oacute;n intensiva est&aacute; especialmente dirigida a personas con inquietudes emprendedoras que, aunque carezcan de una idea empresarial concreta, tengan cierta atracci&oacute;n y predisposici&oacute;n hacia el emprendimiento. La jornada se dividir&aacute; en cuatro partes: introducci&oacute;n, motivaci&oacute;n, observaci&oacute;n y detecci&oacute;n. Al finalizar se realizar&aacute; una puesta en com&uacute;n de los resultados.<\/p>\n<p>La metodolog&iacute;a a seguir en esta primera edici&oacute;n de la c&aacute;psula ser&aacute; muy din&aacute;mica con actividades fuera del aula, de forma que los participantes podr&aacute;n poner en pr&aacute;ctica los conocimientos adquiridos en la fase te&oacute;rica. Adem&aacute;s, se incidir&aacute; especialmente en las capacidades personales y creativas de cada persona, prestando apoyo en la generaci&oacute;n de ideas y en su valoraci&oacute;n para determinar si pueden tener viabilidad en el mercado.<\/p>\n<p>El objetivo de esta actividad formativa es que sus participantes sean capaces de transformar una idea de negocio en una empresa exitosa a largo plazo, as&iacute; como dar a conocer las diferentes herramientas y f&oacute;rmulas para saber detectar y generar ideas empresariales.<\/p>\n<p><a href='https:\/\/sede.fg.ull.es\/es\/emprendimiento\/detalle\/a15230110\/capsula-de-generacion-de-ideas-empresariales-emprende-lalaguna-1-edicion'>(M&aacute;s informaci&oacute;n e inscripci&oacute;n aqu&iacute;)<\/a><\/p>\n","protected":false},"excerpt":{"rendered":"<p>Se impartir&aacute; ma&ntilde;ana, 14 de abril, de 9 a 18 horas en el aulario de la Fundaci&oacute;n General de la ULL. La inscripci&oacute;n se puede realizar hasta hoy, 13 de abril, a trav&eacute;s de la sede electr&oacute;nica de la Fundaci&oacute;n.<\/p>\n","protected":false},"author":36,"featured_media":16564,"comment_status":"closed","ping_status":"open","sticky":false,"template":"","format":"standard","meta":{"footnotes":""},"categories":[3],"tags":[173,533,541,672,1353,1424],"featured_image_thumbnail_url":"https:\/\/fg.ull.es\/hemeroteca\/wp-content\/uploads\/sites\/14\/2015\/04\/2889_b7_pantalla_1280x720px1-300x169.jpg","_links":{"self":[{"href":"https:\/\/fg.ull.es\/hemeroteca\/wp-json\/wp\/v2\/posts\/16565"}],"collection":[{"href":"https:\/\/fg.ull.es\/hemeroteca\/wp-json\/wp\/v2\/posts"}],"about":[{"href":"https:\/\/fg.ull.es\/hemeroteca\/wp-json\/wp\/v2\/types\/post"}],"author":[{"embeddable":true,"href":"https:\/\/fg.ull.es\/hemeroteca\/wp-json\/wp\/v2\/users\/36"}],"replies":[{"embeddable":true,"href":"https:\/\/fg.ull.es\/hemeroteca\/wp-json\/wp\/v2\/comments?post=16565"}],"version-history":[{"count":0,"href":"https:\/\/fg.ull.es\/hemeroteca\/wp-json\/wp\/v2\/posts\/16565\/revisions"}],"wp:featuredmedia":[{"embeddable":true,"href":"https:\/\/fg.ull.es\/hemeroteca\/wp-json\/wp\/v2\/media\/16564"}],"wp:attachment":[{"href":"https:\/\/fg.ull.es\/hemeroteca\/wp-json\/wp\/v2\/media?parent=16565"}],"wp:term":[{"taxonomy":"category","embeddable":true,"href":"https:\/\/fg.ull.es\/hemeroteca\/wp-json\/wp\/v2\/categories?post=16565"},{"taxonomy":"post_tag","embeddable":true,"href":"https:\/\/fg.ull.es\/hemeroteca\/wp-json\/wp\/v2\/tags?post=16565"}],"curies":[{"name":"wp","href":"https:\/\/api.w.org\/{rel}","templated":true}]}}