{"id":16554,"date":"2015-04-13T10:08:02","date_gmt":"2015-04-13T10:08:02","guid":{"rendered":"http:\/\/www.fg.ull.es\/?p=16554"},"modified":"2015-04-13T10:08:02","modified_gmt":"2015-04-13T10:08:02","slug":"la-ull-organiza-el-xi-congreso-de-estudiantes-de-quimica-para-fomentar-el-interes-cientifico-entre-el-alumnado","status":"publish","type":"post","link":"https:\/\/fg.ull.es\/hemeroteca\/2015\/04\/13\/la-ull-organiza-el-xi-congreso-de-estudiantes-de-quimica-para-fomentar-el-interes-cientifico-entre-el-alumnado\/","title":{"rendered":"La ULL organiza el XI Congreso de Estudiantes de Qu\u00edmica para fomentar el inter\u00e9s cient\u00edfico entre el alumnado"},"content":{"rendered":"<p>La Secci&oacute;n de Qu&iacute;mica de la Facultad de Ciencias de la Universidad de La  Laguna celebra la novena edici&oacute;n de su congreso de estudiantes, que  comienza hoy, lunes 13 de abril, y se desarrollar&aacute; hasta el  mi&eacute;rcoles 15, en el Sal&oacute;n de Grado de la Secci&oacute;n. La actividad se complementar&aacute; con la celebraci&oacute;n del A&ntilde;o Internacional de los Suelos.<\/p>\n<p><\/p>\n<p>La Secci&oacute;n de Qu&iacute;mica de la Facultad de Ciencias de la Universidad de  La Laguna celebra la novena edici&oacute;n de su congreso de estudiantes, que  comienza hoy, lunes 13 de abril, y se desarrollar&aacute; hasta el  mi&eacute;rcoles 15, en el Sal&oacute;n de Grado de la Secci&oacute;n. Esta iniciativa se ha  ido consolidando a lo largo de los a&ntilde;os con la finalidad de estimular en  el alumnado el aprendizaje por la ciencia, desde el conocimiento b&aacute;sico  hasta el proceso de investigaci&oacute;n y divulgaci&oacute;n cient&iacute;fica.<\/p>\n<p>Este evento brinda la oportunidad a los estudiantes de participar como  organizadores, como participantes de comunicaciones orales o en formato  cartel, o como asistentes a las charlas, donde pueden plantear  cuestiones directamente a los ponentes en las distintas sesiones. En  esta ocasi&oacute;n se presentar&aacute;n 40 carteles y 20 comunicaciones orales con  los resultados de los trabajos desarrollados y se cuenta con 80  inscritos en el congreso.<\/p>\n<p>Adem&aacute;s de las sesiones de presentaci&oacute;n de trabajos del alumnado, habr&aacute;  una serie de conferencias invitadas y mesas redondas intercaladas a lo  largo del programa. De este modo, la charla de inauguraci&oacute;n, el lunes 13  a las 17:30 horas, versar&aacute; sobre &ldquo;El periodismo cient&iacute;fico y la  divulgaci&oacute;n como profesi&oacute;n y como investigaci&oacute;n acad&eacute;mica&rdquo;, y ser&aacute;  impartida por Carlos El&iacute;as P&eacute;rez, catedr&aacute;tico de Periodismo de la  Universidad Carlos III y exalumno de la Facultad de Qu&iacute;mica de la ULL.<\/p>\n<p>Tambi&eacute;n se contar&aacute; con una conferencia a cargo de Eduardo L. Mart&iacute;n  Guerrero de Escalante, profesor de investigaci&oacute;n del Centro de  Astrobiolog&iacute;a CSIC-INTA, en la que comentar&aacute; &ldquo;La misteriosa qu&iacute;mica de  las estrellas&rdquo;. Asimismo, Lucien Petrova Veleva, responsable del  Laboratorio de Fisicoqu&iacute;mica de M&eacute;rida (Yucat&aacute;n, M&eacute;xico) disertar&aacute; sobre  &ldquo;La corrosi&oacute;n electroqu&iacute;mica y su impacto ambiental&rdquo;.<\/p>\n<p>Otro asunto que se abordar&aacute; en este encuentro ser&aacute; el acercamiento a  las distintas salidas profesionales y a la carrera investigadora,  mediante una mesa&nbsp; redonda que se desarrollar&aacute; el martes 14, organizada  por la Asociaci&oacute;n de J&oacute;venes Investigadores de Tenerife.<\/p>\n<p>La conferencia de clausura, a cargo de Alberto Hern&aacute;ndez Creus,  catedr&aacute;tico de Qu&iacute;mica F&iacute;sica de la ULL, tratar&aacute; sobre &ldquo;La belleza de lo  diminuto a trav&eacute;s de los m&aacute;s grandes&rdquo; y, por &uacute;ltimo, una entrega de  premios cerrar&aacute; esta edici&oacute;n. <\/p>\n<p> La participaci&oacute;n en este congreso podr&aacute; ser convalidada por cr&eacute;ditos de  libre elecci&oacute;n o ECTS: uno por la asistencia, otro por la presentaci&oacute;n  de p&oacute;ster o comunicaci&oacute;n oral, y dos cr&eacute;ditos por hacer ambas cosas. El  programa puede ser consultado en la web: <a href='http:\/\/facquim.webs.ull.es\/' target='_blank' rel=\"noopener noreferrer\">http:\/\/facquim.webs.ull.es\/<\/a><\/p>\n<p><strong>A&ntilde;o Internacional de los Suelos<br \/> <\/strong><\/p>\n<p>En esta edici&oacute;n del congreso, coincidiendo con la declaraci&oacute;n por la  Organizaci&oacute;n de las Naciones Unidas del a&ntilde;o 2015 como A&ntilde;o Internacional  de los Suelos, se organizar&aacute;n una serie de actividades paralelas al  congreso los d&iacute;as 13 y 14 de abril.<\/p>\n<p>As&iacute;, se presentar&aacute; una exposici&oacute;n de la Sociedad Espa&ntilde;ola de la Ciencia  del Suelo y se impartir&aacute; la conferencia titulada &ldquo;Suelo, sociedad y  cambio global&rdquo;, a cargo de Winfried E.H. Blum, presidente de la Uni&oacute;n  Internacional de Sociedades Nacionales de la Ciencia del Suelo IUSSS.  Todo ello con el prop&oacute;sito de contribuir a sus objetivos de tomar  conciencia sobre la profunda importancia del suelo para la vida humana.<\/p>\n<p>*Nota de prensa cedida por el gabinete de comunicaci&oacute;n de la ULL<\/p>\n","protected":false},"excerpt":{"rendered":"<p>La Secci&oacute;n de Qu&iacute;mica de la Facultad de Ciencias de la Universidad de La  Laguna celebra la novena edici&oacute;n de su congreso de estudiantes, que  comienza hoy, lunes 13 de abril, y se desarrollar&aacute; hasta el  mi&eacute;rcoles 15, en el Sal&oacute;n de Grado de la Secci&oacute;n. La actividad se complementar&aacute; con la celebraci&oacute;n del A&ntilde;o Internacional de los Suelos.<\/p>\n","protected":false},"author":36,"featured_media":16553,"comment_status":"closed","ping_status":"open","sticky":false,"template":"","format":"standard","meta":{"footnotes":""},"categories":[8],"tags":[173,339,862,1353,1424],"featured_image_thumbnail_url":"https:\/\/fg.ull.es\/hemeroteca\/wp-content\/uploads\/sites\/14\/2015\/04\/2886_7t_pantallacongresoquimica-300x169.jpg","_links":{"self":[{"href":"https:\/\/fg.ull.es\/hemeroteca\/wp-json\/wp\/v2\/posts\/16554"}],"collection":[{"href":"https:\/\/fg.ull.es\/hemeroteca\/wp-json\/wp\/v2\/posts"}],"about":[{"href":"https:\/\/fg.ull.es\/hemeroteca\/wp-json\/wp\/v2\/types\/post"}],"author":[{"embeddable":true,"href":"https:\/\/fg.ull.es\/hemeroteca\/wp-json\/wp\/v2\/users\/36"}],"replies":[{"embeddable":true,"href":"https:\/\/fg.ull.es\/hemeroteca\/wp-json\/wp\/v2\/comments?post=16554"}],"version-history":[{"count":0,"href":"https:\/\/fg.ull.es\/hemeroteca\/wp-json\/wp\/v2\/posts\/16554\/revisions"}],"wp:featuredmedia":[{"embeddable":true,"href":"https:\/\/fg.ull.es\/hemeroteca\/wp-json\/wp\/v2\/media\/16553"}],"wp:attachment":[{"href":"https:\/\/fg.ull.es\/hemeroteca\/wp-json\/wp\/v2\/media?parent=16554"}],"wp:term":[{"taxonomy":"category","embeddable":true,"href":"https:\/\/fg.ull.es\/hemeroteca\/wp-json\/wp\/v2\/categories?post=16554"},{"taxonomy":"post_tag","embeddable":true,"href":"https:\/\/fg.ull.es\/hemeroteca\/wp-json\/wp\/v2\/tags?post=16554"}],"curies":[{"name":"wp","href":"https:\/\/api.w.org\/{rel}","templated":true}]}}