{"id":16536,"date":"2015-04-10T11:49:12","date_gmt":"2015-04-10T11:49:12","guid":{"rendered":"http:\/\/www.fg.ull.es\/?p=16536"},"modified":"2015-04-10T11:49:12","modified_gmt":"2015-04-10T11:49:12","slug":"la-proxima-semana-dara-comienzo-el-iv-congreso-de-estudiantes-de-la-facultad-de-educacion","status":"publish","type":"post","link":"https:\/\/fg.ull.es\/hemeroteca\/2015\/04\/10\/la-proxima-semana-dara-comienzo-el-iv-congreso-de-estudiantes-de-la-facultad-de-educacion\/","title":{"rendered":"La pr\u00f3xima semana dar\u00e1 comienzo el IV Congreso de Estudiantes de la Facultad de Educaci\u00f3n"},"content":{"rendered":"<p>Se celebrar&aacute; los d&iacute;as 15 y 16 de abril en el sal&oacute;n de actos del m&oacute;dulo A de la Facultad de Educaci&oacute;n. La inscripci&oacute;n para asistir como p&uacute;blico se podr&aacute; realizar a trav&eacute;s de la p&aacute;gina web del congreso hasta hoy, 10 de abril.<\/p>\n<p><\/p>\n<p>La Facultad de Educaci&oacute;n acoger&aacute; la pr&oacute;xima semana el IV Congreso de Estudiantes de la Facultad de Educaci&oacute;n. Concretamente, tendr&aacute; lugar los d&iacute;as 15 y 16 de abril en el m&oacute;dulo A de dicha facultad. Este a&ntilde;o se organizar&aacute; bajo el t&iacute;tulo &#8216;Educaci&oacute;n, Arte y Cultura, ense&ntilde;ando y aprendiendo felices&#8217; y en &eacute;l se daran cita ponentes destacados en diferentes &aacute;mbitos educativos de universidades europeas.<\/p>\n<p>El congreso est&aacute; dirigido a estudiantes de grado, posgrado y doctorado de Educaci&oacute;n, as&iacute; como a sus especialidades y disciplinas correspondientes. Tambi&eacute;n a profesionales, investigadores y docentes cuyo &aacute;mbito de trabajo sea la Educaci&oacute;n y\/o &aacute;reas afines. Las personas interesadas en asistir como p&uacute;blico podr&aacute;n realizar la inscripci&oacute;n hasta hoy, 10 de abril, a trav&eacute;s de la p&aacute;gina web del congreso. El precio de la inscripci&oacute;n ser&aacute; de tres euros para estudiantes de Formaci&oacute;n Profesional y Grado, y de diez euros para estudiantes de Posgrado, Doctorados y otros profesionales.<\/p>\n<p>Este evento comenzar&aacute; el mi&eacute;rcoles a las 9 de la ma&ntilde;ana y finalizar&aacute; a las 20 horas. El jueves tambi&eacute;n comenzar&aacute; a las 9 de la ma&ntilde;ana con el reparto de acreditaciones y tiene previsto su clausura a las 19:30 horas. El primer d&iacute;a estar&aacute; dedicado a la realizaci&oacute;n de distintos talleres y el  segundo a las conferencias y &#8216;Mesas-coloquio&#8217;. Los talleres ser&aacute;n una herramienta de aprendizaje pr&aacute;ctico como el de &#8216;Braille&#8217; impartido por Joaqu&iacute;n Cruz y Eva Garc&iacute;a; el de &#8216;Lengua de signos&#8217; impartido por  M&ordf; del Carmen Rodr&iacute;guez; el de &#8216;Calidad de vida en autismo&#8217; por  Judith Armas, entre otros.&nbsp; Las &#8216;Mesas-Coloquio&#8217; estar&aacute;n compuestas por profesores de la Universidad de La Laguna como: Fernando Barrag&aacute;n,&nbsp; F&aacute;tima  Castro,Daniel Padilla, Rosa M&ordf; de la Guardia, Inmaculada  Gonz&aacute;lez y Andr&eacute;s Novoa, que hablar&aacute;n de &aacute;mbitos como las  tecnolog&iacute;as, las inteligencias m&uacute;ltiples, la diversidad, la cooperaci&oacute;n o  los cuentos.<\/p>\n<p>El alumnado interesado en participar en el congreso puede hacerlo de dos maneras: presentando sus propios trabajos y con la asistencia al mismo. Ambas acciones ser&aacute;n convalidadas por 1 cr&eacute;dito ETCS siendo acumulables. La asistencia est&aacute; convalidada con 1 cr&eacute;dito (equivalente a 2,5 cr&eacute;ditos de libre elecci&oacute;n para antiguas titulaciones) y consiste en asistir los dos d&iacute;as del congreso a las actividades recogidas en el programa. La asistencia y presentaci&oacute;n de trabajos est&aacute; convalidada con 2 ECTS (equivalente a 5 cr&eacute;ditos de libre elecci&oacute;n para antiguas titulaciones).<\/p>\n<p>El IV Congreso de Estudiantes de la Facultad de Educaci&oacute;n es posible gracias a la Universidad de La Laguna y a la propia Facultad de Educaci&oacute;n. Asimismo, cuenta con un gran n&uacute;mero de colaboradores como la Fundaci&oacute;n General de la Universidad de La Laguna, la Universidad de Las Palmas de Gran Canaria y su Facultad de Formaci&oacute;n de Profesorado y Educaci&oacute;n, la Asociaci&oacute;n educativa y social &#8216;Estudio 85&#8217;, la ONCE, la Asociaci&oacute;n de Padres de Personas con Autismo de Tenerife (APANATE), el Laboratorio Intercultural de Comunicaci&oacute;n y Creaci&oacute;n de Ideas (Inter-Lab) y el Club de Leones Universitarios La Laguna (Lions International).<\/p>\n<p>(Para inscripci&oacute;n <a href='http:\/\/coefed.wix.com\/coefed#!about1\/c1z94'>aqu&iacute;<\/a>)<\/p>\n<p>(Para m&aacute;s informaci&oacute;n <a href='http:\/\/coefed.wix.com\/coefed'>aqu&iacute;<\/a>)<\/p>\n<p>&nbsp;<\/p>\n<p>&nbsp;<\/p>\n","protected":false},"excerpt":{"rendered":"<p>Se celebrar&aacute; los d&iacute;as 15 y 16 de abril en el sal&oacute;n de actos del m&oacute;dulo A de la Facultad de Educaci&oacute;n. La inscripci&oacute;n para asistir como p&uacute;blico se podr&aacute; realizar a trav&eacute;s de la p&aacute;gina web del congreso hasta hoy, 10 de abril.<\/p>\n","protected":false},"author":36,"featured_media":16535,"comment_status":"closed","ping_status":"open","sticky":false,"template":"","format":"standard","meta":{"footnotes":""},"categories":[5],"tags":[173,672,1353,1424],"featured_image_thumbnail_url":"https:\/\/fg.ull.es\/hemeroteca\/wp-content\/uploads\/sites\/14\/2015\/04\/2880_a0_poster-221x300.jpg","_links":{"self":[{"href":"https:\/\/fg.ull.es\/hemeroteca\/wp-json\/wp\/v2\/posts\/16536"}],"collection":[{"href":"https:\/\/fg.ull.es\/hemeroteca\/wp-json\/wp\/v2\/posts"}],"about":[{"href":"https:\/\/fg.ull.es\/hemeroteca\/wp-json\/wp\/v2\/types\/post"}],"author":[{"embeddable":true,"href":"https:\/\/fg.ull.es\/hemeroteca\/wp-json\/wp\/v2\/users\/36"}],"replies":[{"embeddable":true,"href":"https:\/\/fg.ull.es\/hemeroteca\/wp-json\/wp\/v2\/comments?post=16536"}],"version-history":[{"count":0,"href":"https:\/\/fg.ull.es\/hemeroteca\/wp-json\/wp\/v2\/posts\/16536\/revisions"}],"wp:featuredmedia":[{"embeddable":true,"href":"https:\/\/fg.ull.es\/hemeroteca\/wp-json\/wp\/v2\/media\/16535"}],"wp:attachment":[{"href":"https:\/\/fg.ull.es\/hemeroteca\/wp-json\/wp\/v2\/media?parent=16536"}],"wp:term":[{"taxonomy":"category","embeddable":true,"href":"https:\/\/fg.ull.es\/hemeroteca\/wp-json\/wp\/v2\/categories?post=16536"},{"taxonomy":"post_tag","embeddable":true,"href":"https:\/\/fg.ull.es\/hemeroteca\/wp-json\/wp\/v2\/tags?post=16536"}],"curies":[{"name":"wp","href":"https:\/\/api.w.org\/{rel}","templated":true}]}}