{"id":16531,"date":"2015-04-09T14:34:35","date_gmt":"2015-04-09T14:34:35","guid":{"rendered":"http:\/\/www.fg.ull.es\/?p=16531"},"modified":"2015-04-09T14:34:35","modified_gmt":"2015-04-09T14:34:35","slug":"segundo-listado-provisional-de-la-convocatoria-de-una-beca-de-insercion-laboral-para-la-unidad-de-cultura-cientifica-y-de-la-innovacion-de-la-universidad-de-la-laguna","status":"publish","type":"post","link":"https:\/\/fg.ull.es\/hemeroteca\/2015\/04\/09\/segundo-listado-provisional-de-la-convocatoria-de-una-beca-de-insercion-laboral-para-la-unidad-de-cultura-cientifica-y-de-la-innovacion-de-la-universidad-de-la-laguna\/","title":{"rendered":"Segundo listado provisional de la convocatoria de una beca de inserci\u00f3n laboral para la Unidad de Cultura Cient\u00edfica y de la Innovaci\u00f3n de la Universidad de La Laguna"},"content":{"rendered":"<p>Finalizada la segunda fase del proceso y cotejada la documentaci&oacute;n, se procede a publicar el segundo listado provisional de las candidaturas aceptadas y excluidas, con su correspondiente motivo, para la selecci&oacute;n de un\/a becario\/a para la Unidad de Cultura Cient&iacute;fica y de la Innovaci&oacute;n de la Universidad de La Laguna.<\/p>\n<p>&nbsp;<\/p>\n<p>&nbsp;<\/p>\n<p><\/p>\n<p>A partir del d&iacute;a siguiente a esta publicaci&oacute;n, se establece un periodo de 3 d&iacute;as (hasta el domingo 12 de abril de 2015 a las 23:59h) para eventuales alegaciones que, en ning&uacute;n caso, ser&aacute; periodo de subsanaci&oacute;n de documentaci&oacute;n. Finalizado &eacute;ste y resueltas las alegaciones se proceder&aacute; a publicar el segundo listado definitivo de este proceso selectivo. En dicho listado se especificar&aacute;n las personas que han superado el proceso selectivo.<\/p>\n<p>Las alegaciones &uacute;nica y exclusivamente se podr&aacute;n presentar telem&aacute;ticamente al correo electr&oacute;nico selecci&oacute;n@fg.ull.es y utilizando el documento normalizado: `<strong><a href='..\/..\/public\/docs\/1813_j9_1708_vo_alegaciones.docx'>documento de alegaciones<\/a>&acute;<\/strong>.<\/p>\n<p>Puede consultar el listado en:<\/p>\n<p><strong><a href='..\/..\/public\/docs\/1823_kk_segundo_listado_provisional.pdf'>Listado Provisional<\/a><\/strong><\/p>\n<p>Dispone de las Bases Generales y Perfil Singular de la convocatoria en los siguientes enlaces:<\/p>\n<p><a href='..\/..\/public\/docs\/1796_2m_bases_generales_3.pdf'><strong>Bases Generales<\/strong><\/a><\/p>\n<p><a href='..\/..\/public\/docs\/1795_vm_perfil_singular.pdf'><strong>Perfil Singular<\/strong><\/a><\/p>\n<p>&nbsp;<\/p>\n","protected":false},"excerpt":{"rendered":"<p>Finalizada la segunda fase del proceso y cotejada la documentaci&oacute;n, se procede a publicar el segundo listado provisional de las candidaturas aceptadas y excluidas, con su correspondiente motivo, para la selecci&oacute;n de un\/a becario\/a para la Unidad de Cultura Cient&iacute;fica y de la Innovaci&oacute;n de la Universidad de La Laguna.<\/p>\n<p>&nbsp;<\/p>\n<p>&nbsp;<\/p>\n","protected":false},"author":36,"featured_media":0,"comment_status":"closed","ping_status":"open","sticky":false,"template":"","format":"standard","meta":{"footnotes":""},"categories":[3,8],"tags":[173],"featured_image_thumbnail_url":null,"_links":{"self":[{"href":"https:\/\/fg.ull.es\/hemeroteca\/wp-json\/wp\/v2\/posts\/16531"}],"collection":[{"href":"https:\/\/fg.ull.es\/hemeroteca\/wp-json\/wp\/v2\/posts"}],"about":[{"href":"https:\/\/fg.ull.es\/hemeroteca\/wp-json\/wp\/v2\/types\/post"}],"author":[{"embeddable":true,"href":"https:\/\/fg.ull.es\/hemeroteca\/wp-json\/wp\/v2\/users\/36"}],"replies":[{"embeddable":true,"href":"https:\/\/fg.ull.es\/hemeroteca\/wp-json\/wp\/v2\/comments?post=16531"}],"version-history":[{"count":0,"href":"https:\/\/fg.ull.es\/hemeroteca\/wp-json\/wp\/v2\/posts\/16531\/revisions"}],"wp:attachment":[{"href":"https:\/\/fg.ull.es\/hemeroteca\/wp-json\/wp\/v2\/media?parent=16531"}],"wp:term":[{"taxonomy":"category","embeddable":true,"href":"https:\/\/fg.ull.es\/hemeroteca\/wp-json\/wp\/v2\/categories?post=16531"},{"taxonomy":"post_tag","embeddable":true,"href":"https:\/\/fg.ull.es\/hemeroteca\/wp-json\/wp\/v2\/tags?post=16531"}],"curies":[{"name":"wp","href":"https:\/\/api.w.org\/{rel}","templated":true}]}}