{"id":16529,"date":"2015-04-09T14:29:36","date_gmt":"2015-04-09T14:29:36","guid":{"rendered":"http:\/\/www.fg.ull.es\/?p=16529"},"modified":"2015-04-09T14:29:36","modified_gmt":"2015-04-09T14:29:36","slug":"continuan-las-reuniones-informativas-del-programa-de-practicas-para-jovenes-cataliza-canarias","status":"publish","type":"post","link":"https:\/\/fg.ull.es\/hemeroteca\/2015\/04\/09\/continuan-las-reuniones-informativas-del-programa-de-practicas-para-jovenes-cataliza-canarias\/","title":{"rendered":"Contin\u00faan las reuniones informativas del programa de pr\u00e1cticas para j\u00f3venes &#039;Cataliza Canarias&#039;"},"content":{"rendered":"<p>Hoy [9 de abril] se celebraba un encuentro con aspirantes a participar en este programa de pr&aacute;cticas no laborales. Hasta ahora se han producido 41 incorporaciones de j&oacute;venes a empresas canarias. Las personas interesadas en participar deber&aacute;n formalizar la demanda en las oficinas del Servicio Canario de Empleo a trav&eacute;s del servicio &#8217;12h&#8217;.<\/p>\n<p><\/p>\n<p>Desde el pasado mes de enero el programa de pr&aacute;cticas profesionales no laborales <a href='http:\/\/fg.ull.es\/catalizacanarias\/'>Cataliza Canarias<\/a> ha venido desarrollando su actividad con acciones como reuniones informativas y el contacto directo con las personas candidatas a participar en el mismo. Hoy [9 de abril] se celebraba una reuni&oacute;n con la participaci&oacute;n de veintisiete j&oacute;venes que optan a acceder a este programa de pr&aacute;cticas.&nbsp;<\/p>\n<p>El Servicio Canario de Empleo y las fundaciones universitarias de La Laguna y Las Palmas de Gran Canaria son las encargadas de gestionar este programa a trav&eacute;s del que se prev&eacute; la incorporaci&oacute;n de 460 j&oacute;venes con titulaci&oacute;n a diferentes empresas canarias para tener su primera experiencia profesional.<\/p>\n<p>Hasta ahora han sido cuarenta y uno los j&oacute;venes que se han incorporado; adem&aacute;s, se ha registrado el inter&eacute;s por acoger reci&eacute;n titulados por parte de 131 empresas.<\/p>\n<p>Los j&oacute;venes con titulaci&oacute;n que deseen participar en el programa <strong>deber&aacute;n estar inscritos como demandantes de empleo en el Servicio Canario de Empleo y tener el curr&iacute;culum actualizado, ser residentes canarios, tener entre 18 y 25 a&ntilde;os y no disponer de una experiencia laboral superior a tres meses.<\/strong> La selecci&oacute;n de los candidatos la realiza el Servicio Canario de Empleo a partir de un sondeo en su base de datos, por lo que no hay que inscribirse en el programa pero s&iacute; formalizar la demanda en las oficinas del Servicio Canario de Empleo solicitando el a<strong>lta en el servicio `12h&acute;<\/strong>. Otra opci&oacute;n de la que disponen los titulados es buscar la empresa donde deseen realizar las pr&aacute;cticas formativas y proponerle a la misma unirse al programa.<\/p>\n<p>Cataliza II est&aacute; cofinanciado con fondos Comunitarios del Fondo Social Europeo, a trav&eacute;s del Programa Operativo FSE de Canarias, para el periodo 2014-2020, con un porcentaje de financiaci&oacute;n del 85%.<\/p>\n<p><a href='http:\/\/www.catalizacanarias.org\/'>(Consulta m&aacute;s informaci&oacute;n aqu&iacute;)<\/a><\/p>\n<p>&nbsp;<\/p>\n<p>&nbsp;<\/p>\n","protected":false},"excerpt":{"rendered":"<p>Hoy [9 de abril] se celebraba un encuentro con aspirantes a participar en este programa de pr&aacute;cticas no laborales. Hasta ahora se han producido 41 incorporaciones de j&oacute;venes a empresas canarias. Las personas interesadas en participar deber&aacute;n formalizar la demanda en las oficinas del Servicio Canario de Empleo a trav&eacute;s del servicio &#8217;12h&#8217;.<\/p>\n","protected":false},"author":36,"featured_media":16528,"comment_status":"closed","ping_status":"open","sticky":false,"template":"","format":"standard","meta":{"footnotes":""},"categories":[3],"tags":[173],"featured_image_thumbnail_url":"https:\/\/fg.ull.es\/hemeroteca\/wp-content\/uploads\/sites\/14\/2015\/04\/2879_51_dsc_0748-300x201.jpg","_links":{"self":[{"href":"https:\/\/fg.ull.es\/hemeroteca\/wp-json\/wp\/v2\/posts\/16529"}],"collection":[{"href":"https:\/\/fg.ull.es\/hemeroteca\/wp-json\/wp\/v2\/posts"}],"about":[{"href":"https:\/\/fg.ull.es\/hemeroteca\/wp-json\/wp\/v2\/types\/post"}],"author":[{"embeddable":true,"href":"https:\/\/fg.ull.es\/hemeroteca\/wp-json\/wp\/v2\/users\/36"}],"replies":[{"embeddable":true,"href":"https:\/\/fg.ull.es\/hemeroteca\/wp-json\/wp\/v2\/comments?post=16529"}],"version-history":[{"count":0,"href":"https:\/\/fg.ull.es\/hemeroteca\/wp-json\/wp\/v2\/posts\/16529\/revisions"}],"wp:featuredmedia":[{"embeddable":true,"href":"https:\/\/fg.ull.es\/hemeroteca\/wp-json\/wp\/v2\/media\/16528"}],"wp:attachment":[{"href":"https:\/\/fg.ull.es\/hemeroteca\/wp-json\/wp\/v2\/media?parent=16529"}],"wp:term":[{"taxonomy":"category","embeddable":true,"href":"https:\/\/fg.ull.es\/hemeroteca\/wp-json\/wp\/v2\/categories?post=16529"},{"taxonomy":"post_tag","embeddable":true,"href":"https:\/\/fg.ull.es\/hemeroteca\/wp-json\/wp\/v2\/tags?post=16529"}],"curies":[{"name":"wp","href":"https:\/\/api.w.org\/{rel}","templated":true}]}}