{"id":16523,"date":"2015-04-08T10:34:37","date_gmt":"2015-04-08T10:34:37","guid":{"rendered":"http:\/\/www.fg.ull.es\/?p=16523"},"modified":"2015-04-08T10:34:37","modified_gmt":"2015-04-08T10:34:37","slug":"la-quinta-edicion-de-ensenar-para-emprender-consolida-la-educacion-emprendedora-entre-los-escolares-de-tenerife","status":"publish","type":"post","link":"https:\/\/fg.ull.es\/hemeroteca\/2015\/04\/08\/la-quinta-edicion-de-ensenar-para-emprender-consolida-la-educacion-emprendedora-entre-los-escolares-de-tenerife\/","title":{"rendered":"La quinta edici\u00f3n de &#039;Ense\u00f1ar para Emprender&#039; consolida la educaci\u00f3n emprendedora entre los escolares de Tenerife"},"content":{"rendered":"<p>A trav&eacute;s de esta iniciativa, los ni&ntilde;os y ni&ntilde;as simular&aacute;n la creaci&oacute;n y gesti&oacute;n de una cooperativa en la que fabricar&aacute;n productos que, posteriormente, ser&aacute;n vendidos en una feria. En esta edici&oacute;n del proyecto participan unos 2.500 alumnos de Educaci&oacute;n Primaria y Secundaria de la isla de Tenerife y, por primera vez, se lleva la Feria de Cooperativas Escolares a Puerto de la Cruz y Arona.<\/p>\n<p><\/p>\n<p>La Fundaci&oacute;n General de la Universidad de La Laguna, en colaboraci&oacute;n con el Cabildo de Tenerife y los ayuntamientos de La Laguna, Puerto de la Cruz y Arona, est&aacute; ejecutando desde el pasado mes de enero la iniciativa pedag&oacute;gica &ldquo;Ense&ntilde;ar para Emprender&rdquo; (EPE) para el fomento de la cultura emprendedora entre los escolares de la isla de Tenerife. Se trata de la quinta edici&oacute;n de este proyecto cuyo objetivo es potenciar las capacidades personales, profesionales y sociales del alumnado de Educaci&oacute;n Primaria y Secundaria, a trav&eacute;s de una formaci&oacute;n te&oacute;rico-pr&aacute;ctica en materia de emprendimiento y econom&iacute;a social.<\/p>\n<p>En esta nueva edici&oacute;n participan 2.500 ni&ntilde;os y ni&ntilde;as participantes de sesenta y un centros educativos de la Isla, entre los que diecisiete pertenecen a la zona norte, trece a la zona sur y treinta y uno a la zona metropolitana. As&iacute;, en la mayor&iacute;a de los centros educativos participantes se han impartido ya los primeros talleres, con el fin de promover entre los ni&ntilde;os y ni&ntilde;as conductas y actitudes de colaboraci&oacute;n, coordinaci&oacute;n, superaci&oacute;n de conflictos y asunci&oacute;n de problemas y responsabilidades. Hasta el momento se han creado noventa y tres cooperativas escolares.<\/p>\n<p>Adem&aacute;s, se ha formado a ochenta y dos docentes de los colegios participantes para presentarles el proyecto y explicarles con detalle las acciones que llevar&aacute;n a cabo dentro del aula. Y se ha complementado esta formaci&oacute;n con talleres de elaboraci&oacute;n de productos con materiales reciclados.&nbsp;<\/p>\n<p>&ldquo;Ense&ntilde;ar para Emprender&rdquo; (EPE) es una iniciativa pedag&oacute;gica que consiste en la simulaci&oacute;n de la creaci&oacute;n de empresas cooperativas realizando todo el recorrido necesario: desde la conceptualizaci&oacute;n del negocio, b&uacute;squeda de financiaci&oacute;n y tramitaci&oacute;n administrativa siempre desde un punto de vista l&uacute;dico y divertido para ellos. En este proceso,&nbsp; el alumnado tendr&aacute; que ponerse de acuerdo en los aspectos b&aacute;sicos para ello: &aacute;mbito, nombre, imagen, productos, formas de producci&oacute;n etc. Todo ello basado en una metodolog&iacute;a participativa, donde los escolares se convierten en protagonistas del proceso de creaci&oacute;n de una empresa.<\/p>\n<p><strong>La &ldquo;Feria de Cooperativas Escolares&rdquo; llega por primera vez a Puerto de la Cruz y Arona<\/strong><\/p>\n<p>Finalmente, y como principal novedad en este a&ntilde;o al expandirse el radio de acci&oacute;n del proyecto a toda la Isla, los escolares se encontrar&aacute;n en un d&iacute;a de mercado, que tendr&aacute; lugar en tres zonas distintas, seg&uacute;n la ubicaci&oacute;n de los centros participantes. As&iacute;, la &ldquo;Feria de Cooperativas Escolares&rdquo; llegar&aacute; por primera vez al Puerto de la Cruz y Arona durante el mes de mayo. La fecha y los lugares en los que se llevar&aacute;n a cabo todav&iacute;a est&aacute;n por determinar. Por otra parte, &nbsp;el 14 de mayo se reunir&aacute;n los centros educativos de la zona metropolitana en una ubicaci&oacute;n por determinar de San Crist&oacute;bal de La Laguna, localidad que alcanza con esta su quinta Feria. Los distintos centros escolares de cada zona acudir&aacute;n a este d&iacute;a de mercado, en el que conocer&aacute;n las cooperativas de otros colegios y tratar&aacute;n de &ldquo;vender&rdquo; sus productos.<\/p>\n<p>Los beneficios obtenidos durante las tres ferias de cooperativas escolares se destinar&aacute;n a diferentes ONGs o asociaciones no lucrativas, de manera, que el alumnado compruebe de forma t&aacute;cita que con peque&ntilde;os esfuerzos se pueden alcanzar grandes logros. Todo este itinerario se plantea desde el fomento de valores como el trabajo en equipo, la solidaridad o la igualdad. Adem&aacute;s, en todo momento se busca la implicaci&oacute;n de sus familias, con lo que el proceso es enriquecedor para todos los agentes implicados.<\/p>\n","protected":false},"excerpt":{"rendered":"<p>A trav&eacute;s de esta iniciativa, los ni&ntilde;os y ni&ntilde;as simular&aacute;n la creaci&oacute;n y gesti&oacute;n de una cooperativa en la que fabricar&aacute;n productos que, posteriormente, ser&aacute;n vendidos en una feria. En esta edici&oacute;n del proyecto participan unos 2.500 alumnos de Educaci&oacute;n Primaria y Secundaria de la isla de Tenerife y, por primera vez, se lleva la Feria de Cooperativas Escolares a Puerto de la Cruz y Arona.<\/p>\n","protected":false},"author":36,"featured_media":16522,"comment_status":"closed","ping_status":"open","sticky":false,"template":"","format":"standard","meta":{"footnotes":""},"categories":[3],"tags":[173,533,541,672,1192,1353,1424],"featured_image_thumbnail_url":"https:\/\/fg.ull.es\/hemeroteca\/wp-content\/uploads\/sites\/14\/2015\/04\/2877_3v_vista_general_feria_epe_2014-300x201.jpg","_links":{"self":[{"href":"https:\/\/fg.ull.es\/hemeroteca\/wp-json\/wp\/v2\/posts\/16523"}],"collection":[{"href":"https:\/\/fg.ull.es\/hemeroteca\/wp-json\/wp\/v2\/posts"}],"about":[{"href":"https:\/\/fg.ull.es\/hemeroteca\/wp-json\/wp\/v2\/types\/post"}],"author":[{"embeddable":true,"href":"https:\/\/fg.ull.es\/hemeroteca\/wp-json\/wp\/v2\/users\/36"}],"replies":[{"embeddable":true,"href":"https:\/\/fg.ull.es\/hemeroteca\/wp-json\/wp\/v2\/comments?post=16523"}],"version-history":[{"count":0,"href":"https:\/\/fg.ull.es\/hemeroteca\/wp-json\/wp\/v2\/posts\/16523\/revisions"}],"wp:featuredmedia":[{"embeddable":true,"href":"https:\/\/fg.ull.es\/hemeroteca\/wp-json\/wp\/v2\/media\/16522"}],"wp:attachment":[{"href":"https:\/\/fg.ull.es\/hemeroteca\/wp-json\/wp\/v2\/media?parent=16523"}],"wp:term":[{"taxonomy":"category","embeddable":true,"href":"https:\/\/fg.ull.es\/hemeroteca\/wp-json\/wp\/v2\/categories?post=16523"},{"taxonomy":"post_tag","embeddable":true,"href":"https:\/\/fg.ull.es\/hemeroteca\/wp-json\/wp\/v2\/tags?post=16523"}],"curies":[{"name":"wp","href":"https:\/\/api.w.org\/{rel}","templated":true}]}}