{"id":16503,"date":"2015-04-06T16:12:31","date_gmt":"2015-04-06T16:12:31","guid":{"rendered":"http:\/\/www.fg.ull.es\/?p=16503"},"modified":"2015-04-06T16:12:31","modified_gmt":"2015-04-06T16:12:31","slug":"primer-listado-definitivo-de-la-convocatoria-de-una-beca-de-insercion-laboral-para-la-unidad-de-cultura-cientifica-y-de-la-innovacion-de-la-universidad-de-la-laguna","status":"publish","type":"post","link":"https:\/\/fg.ull.es\/hemeroteca\/2015\/04\/06\/primer-listado-definitivo-de-la-convocatoria-de-una-beca-de-insercion-laboral-para-la-unidad-de-cultura-cientifica-y-de-la-innovacion-de-la-universidad-de-la-laguna\/","title":{"rendered":"Primer listado definitivo de la convocatoria de una beca de inserci\u00f3n laboral para la Unidad de Cultura Cient\u00edfica y de la Innovaci\u00f3n de la Universidad de La Laguna"},"content":{"rendered":"<p>Finalizado el periodo de alegaciones y resueltas las mismas, se procede a publicar el primer listado definitivo de las candidaturas aceptadas, excluidas y no v&aacute;lidas, con su correspondiente motivo, para la selecci&oacute;n de un\/a becario\/a para la Unidad de Cultura Cient&iacute;fica y de la Innovaci&oacute;n de la Universidad de La Laguna.<\/p>\n<p>&nbsp;<\/p>\n<p><\/p>\n<p>El pr&oacute;ximo mi&eacute;rcoles 9 de abril de 2015 tendr&aacute; lugar la segunda fase del proceso de selecci&oacute;n, en la que las personas candidatas preseleccionadas deber&aacute;n presentar la documentaci&oacute;n acreditativa de los requisitos y m&eacute;ritos registrados durante la inscripci&oacute;n y realizar una entrevista personal a la hora indicada.<\/p>\n<p>&nbsp;<\/p>\n<p>Puede consultar el listado en:<\/p>\n<p><a href='..\/..\/public\/docs\/1821_ox_primer_listado_definitivo_1.pdf'>Listado Definitivo<\/a><\/p>\n<p>Dispone de las Bases Generales y Perfil Singular de la convocatoria en los siguientes enlaces:<\/p>\n<p><a href='..\/..\/public\/docs\/1796_2m_bases_generales_3.pdf'>Bases Generales<\/a><\/p>\n<p><a href='..\/..\/public\/docs\/1795_vm_perfil_singular.pdf'>Perfil Singular<\/a><\/p>\n","protected":false},"excerpt":{"rendered":"<p>Finalizado el periodo de alegaciones y resueltas las mismas, se procede a publicar el primer listado definitivo de las candidaturas aceptadas, excluidas y no v&aacute;lidas, con su correspondiente motivo, para la selecci&oacute;n de un\/a becario\/a para la Unidad de Cultura Cient&iacute;fica y de la Innovaci&oacute;n de la Universidad de La Laguna.<\/p>\n<p>&nbsp;<\/p>\n","protected":false},"author":36,"featured_media":0,"comment_status":"closed","ping_status":"open","sticky":false,"template":"","format":"standard","meta":{"footnotes":""},"categories":[3,8],"tags":[173,230,518],"featured_image_thumbnail_url":null,"_links":{"self":[{"href":"https:\/\/fg.ull.es\/hemeroteca\/wp-json\/wp\/v2\/posts\/16503"}],"collection":[{"href":"https:\/\/fg.ull.es\/hemeroteca\/wp-json\/wp\/v2\/posts"}],"about":[{"href":"https:\/\/fg.ull.es\/hemeroteca\/wp-json\/wp\/v2\/types\/post"}],"author":[{"embeddable":true,"href":"https:\/\/fg.ull.es\/hemeroteca\/wp-json\/wp\/v2\/users\/36"}],"replies":[{"embeddable":true,"href":"https:\/\/fg.ull.es\/hemeroteca\/wp-json\/wp\/v2\/comments?post=16503"}],"version-history":[{"count":0,"href":"https:\/\/fg.ull.es\/hemeroteca\/wp-json\/wp\/v2\/posts\/16503\/revisions"}],"wp:attachment":[{"href":"https:\/\/fg.ull.es\/hemeroteca\/wp-json\/wp\/v2\/media?parent=16503"}],"wp:term":[{"taxonomy":"category","embeddable":true,"href":"https:\/\/fg.ull.es\/hemeroteca\/wp-json\/wp\/v2\/categories?post=16503"},{"taxonomy":"post_tag","embeddable":true,"href":"https:\/\/fg.ull.es\/hemeroteca\/wp-json\/wp\/v2\/tags?post=16503"}],"curies":[{"name":"wp","href":"https:\/\/api.w.org\/{rel}","templated":true}]}}