{"id":16486,"date":"2015-04-06T10:16:29","date_gmt":"2015-04-06T10:16:29","guid":{"rendered":"http:\/\/www.fg.ull.es\/?p=16486"},"modified":"2015-04-06T10:16:29","modified_gmt":"2015-04-06T10:16:29","slug":"la-fundacion-general-de-la-ull-y-la-universidad-catolica-de-chile-cooperaran-para-el-apoyo-a-proyectos-de-emprendimiento-social","status":"publish","type":"post","link":"https:\/\/fg.ull.es\/hemeroteca\/2015\/04\/06\/la-fundacion-general-de-la-ull-y-la-universidad-catolica-de-chile-cooperaran-para-el-apoyo-a-proyectos-de-emprendimiento-social\/","title":{"rendered":"La Fundaci\u00f3n General de la ULL y la Universidad Cat\u00f3lica de Chile cooperar\u00e1n para el apoyo a proyectos de emprendimiento social"},"content":{"rendered":"<p>Esta nueva l&iacute;nea de cooperaci&oacute;n internacional surge a ra&iacute;z de la visita del proyecto ganador del programa &lsquo;Triple Cu&aacute;druple H&eacute;lice de Innovaci&oacute;n&rsquo; de la Universidad Cat&oacute;lica del Norte de Chile. El objetivo de esta visita fue conocer el ecosistema de innovaci&oacute;n y emprendimiento social de Canarias, as&iacute; como la generaci&oacute;n de sinergias para trabajar conjuntamente en materia de emprendimiento juvenil.<\/p>\n<p><\/p>\n<p>El &Aacute;rea de Innovaci&oacute;n de la Fundaci&oacute;n General de la Universidad de La Laguna colaborar&aacute; con la Universidad Cat&oacute;lica del Norte de Chile para el apoyo a proyectos innovadores de emprendimiento social y juvenil que puedan surgir bajo el amparo de ambas universidades. Este acuerdo de cooperaci&oacute;n&nbsp; es fruto de la visita a Tenerife de los ganadores del programa &ldquo;Triple Cu&aacute;druple H&eacute;lice de Innovaci&oacute;n&rdquo; de la Universidad de Cat&oacute;lica del Norte de Chile, financiado por la Corporaci&oacute;n de Fomento de la Producci&oacute;n (Corfo) de Chile.<\/p>\n<p>El programa &ldquo;Triple Cu&aacute;druple H&eacute;lice de Innovaci&oacute;n&rdquo; de la Universidad Cat&oacute;lica del Norte de Chile est&aacute; dedicado a promover la innovaci&oacute;n con un alto impacto social. El pasado mes de enero organiz&oacute; un concurso para proyectos de innovaci&oacute;n y emprendimiento social cuyo premio &nbsp;era realizar una gira tecnol&oacute;gica a nivel nacional o internacional para intercambiar experiencias que potenciaran las ideas de los proyectos ganadores. As&iacute;, en la categor&iacute;a de emprendimiento social result&oacute; ganador el proyecto <em>&ldquo;Budeo: emprendedores e innovadores sociales para Antofagasta y el mundo&rdquo;<\/em>, que se basa en la formaci&oacute;n integral de los j&oacute;venes de su regi&oacute;n a trav&eacute;s del <em>bodyboard<\/em> y otras actividades n&aacute;uticas.<\/p>\n<p>Gracias a este concurso, los promotores de <em>Budeo<\/em>, Arturo Soto y Claudio Alquinta, junto al profesor de la Universidad Cat&oacute;lica del Norte, Emilio Ricci, estuvieron en Tenerife del 12 al 14 de marzo, donde entraron en contacto con t&eacute;cnicos del &Aacute;rea de Innovaci&oacute;n de la Fundaci&oacute;n General de la ULL quienes prepararon una agenda de reuniones y les acompa&ntilde;aron durante las mismas. El objetivo de esta visita era conocer el ecosistema de innovaci&oacute;n y emprendimiento social de Canarias, as&iacute; como las buenas pr&aacute;cticas de las empresas relacionadas con el deporte acu&aacute;tico. De la misma manera, tambi&eacute;n conocieron la metodolog&iacute;a empleada en la Universidad de La Laguna en lo referente a estas materias.<\/p>\n<p>La agenda de reuniones programadas para la visita incluy&oacute; una sesi&oacute;n informativa sobre los servicios y proyectos concretos de inserci&oacute;n laboral, emprendimiento y movilidad que se gestionan desde la Fundaci&oacute;n. Tambi&eacute;n se reunieron con Desiderio Guti&eacute;rrez Ta&ntilde;o, co-director del t&iacute;tulo propio de la ULL, GRADE, y con la Fundaci&oacute;n Don Bosco, entidad que colaboradora del proyecto &#8216;Barrios por Empleo&rdquo;, que les mostr&oacute; la metodolog&iacute;a utilizada por esta entidad en la atenci&oacute;n socioeducativa, inserci&oacute;n sociolaboral, atenci&oacute;n residencial, sensibilizaci&oacute;n y voluntariado social.<\/p>\n<p>En el &aacute;mbito de la actividad deportiva se mantuvo una reuni&oacute;n con &Aacute;ngel Lobo Rodrigo, profesor de Derecho Administrativo de la ULL y presidente de la Federaci&oacute;n Canaria de Surf. &Eacute;l fue el encargado de acercar la realidad de las costas canarias y la utilizaci&oacute;n del deporte del <em>bodyboard<\/em> como un reclamo tur&iacute;stico y social de vital importancia para una regi&oacute;n en contacto con el mar. En este encuentro qued&oacute; evidenciado que tanto Chile como Canarias tienen numerosas posibilidades de aprovechar los recursos naturales y deportivos para generar nuevos proyectos empresariales respetuosos con el medio ambiente.<\/p>\n<p>A ra&iacute;z de esta visita se han generado sinergias entre la Fundaci&oacute;n General de la Universidad de La Laguna y la Universidad Cat&oacute;lica del Norte de Chile que, por el momento, se concretan en el inicio de un trabajo conjunto para generar un proyecto de cooperaci&oacute;n internacional que promueva el emprendimiento y la innovaci&oacute;n social.<\/p>\n","protected":false},"excerpt":{"rendered":"<p>Esta nueva l&iacute;nea de cooperaci&oacute;n internacional surge a ra&iacute;z de la visita del proyecto ganador del programa &lsquo;Triple Cu&aacute;druple H&eacute;lice de Innovaci&oacute;n&rsquo; de la Universidad Cat&oacute;lica del Norte de Chile. El objetivo de esta visita fue conocer el ecosistema de innovaci&oacute;n y emprendimiento social de Canarias, as&iacute; como la generaci&oacute;n de sinergias para trabajar conjuntamente en materia de emprendimiento juvenil.<\/p>\n","protected":false},"author":36,"featured_media":16485,"comment_status":"closed","ping_status":"open","sticky":false,"template":"","format":"standard","meta":{"footnotes":""},"categories":[8],"tags":[173,533,541,821,1424],"featured_image_thumbnail_url":"https:\/\/fg.ull.es\/hemeroteca\/wp-content\/uploads\/sites\/14\/2015\/04\/2863_3l_delegacion_chilena_y_equipo_tecnico_fgull-300x201.jpg","_links":{"self":[{"href":"https:\/\/fg.ull.es\/hemeroteca\/wp-json\/wp\/v2\/posts\/16486"}],"collection":[{"href":"https:\/\/fg.ull.es\/hemeroteca\/wp-json\/wp\/v2\/posts"}],"about":[{"href":"https:\/\/fg.ull.es\/hemeroteca\/wp-json\/wp\/v2\/types\/post"}],"author":[{"embeddable":true,"href":"https:\/\/fg.ull.es\/hemeroteca\/wp-json\/wp\/v2\/users\/36"}],"replies":[{"embeddable":true,"href":"https:\/\/fg.ull.es\/hemeroteca\/wp-json\/wp\/v2\/comments?post=16486"}],"version-history":[{"count":0,"href":"https:\/\/fg.ull.es\/hemeroteca\/wp-json\/wp\/v2\/posts\/16486\/revisions"}],"wp:featuredmedia":[{"embeddable":true,"href":"https:\/\/fg.ull.es\/hemeroteca\/wp-json\/wp\/v2\/media\/16485"}],"wp:attachment":[{"href":"https:\/\/fg.ull.es\/hemeroteca\/wp-json\/wp\/v2\/media?parent=16486"}],"wp:term":[{"taxonomy":"category","embeddable":true,"href":"https:\/\/fg.ull.es\/hemeroteca\/wp-json\/wp\/v2\/categories?post=16486"},{"taxonomy":"post_tag","embeddable":true,"href":"https:\/\/fg.ull.es\/hemeroteca\/wp-json\/wp\/v2\/tags?post=16486"}],"curies":[{"name":"wp","href":"https:\/\/api.w.org\/{rel}","templated":true}]}}