{"id":16435,"date":"2015-03-26T15:58:33","date_gmt":"2015-03-26T15:58:33","guid":{"rendered":"http:\/\/www.fg.ull.es\/?p=16435"},"modified":"2015-03-26T15:58:33","modified_gmt":"2015-03-26T15:58:33","slug":"primer-listado-provisional-de-la-convocatoria-de-una-beca-de-insercion-laboral-para-la-unidad-de-cultura-cientifica-y-de-la-innovacion-de-la-universidad-de-la-laguna","status":"publish","type":"post","link":"https:\/\/fg.ull.es\/hemeroteca\/2015\/03\/26\/primer-listado-provisional-de-la-convocatoria-de-una-beca-de-insercion-laboral-para-la-unidad-de-cultura-cientifica-y-de-la-innovacion-de-la-universidad-de-la-laguna\/","title":{"rendered":"Primer listado provisional de la convocatoria de una beca de inserci\u00f3n laboral para la Unidad de Cultura Cient\u00edfica y de la Innovaci\u00f3n de la Universidad de La Laguna"},"content":{"rendered":"<p>Finalizado el periodo de inscripci&oacute;n y revisadas las candidaturas recibidas, se procede a publicar el primer listado provisional de las candidaturas aceptadas, excluidas y no v&aacute;lidas, con su correspondiente motivo, para la selecci&oacute;n de un\/a becario\/a para la Unidad de Cultura Cient&iacute;fica y de la Innovaci&oacute;n de la Universidad de La Laguna.<\/p>\n<p>&nbsp;<\/p>\n<p><\/p>\n<p>A partir del d&iacute;a siguiente a esta publicaci&oacute;n, se establece un periodo de 3 d&iacute;as (hasta el domingo 29 de marzo de 2015 a las 23:59h) para eventuales alegaciones que, en ning&uacute;n caso, ser&aacute; periodo de subsanaci&oacute;n de documentaci&oacute;n. Finalizado &eacute;ste y resueltas las alegaciones se proceder&aacute; a publicar el primer listado definitivo de este proceso selectivo. En dicho listado se especificar&aacute; la fecha y hora de la entrevista personal.<\/p>\n<p>Las alegaciones &uacute;nica y exclusivamente se podr&aacute;n presentar telem&aacute;ticamente al correo electr&oacute;nico selecci&oacute;n@fg.ull.es y utilizando el documento normalizado: <a href='..\/..\/public\/docs\/1813_j9_1708_vo_alegaciones.docx'>&ldquo;documento de alegaciones&rdquo;<\/a>.<\/p>\n<p>Puede consultar el listado en:<\/p>\n<p><a href='..\/..\/public\/docs\/1812_a5_listado_provisional_beca.pdf'>Listado Provisional<\/a><\/p>\n<p>Dispone de las Bases Generales y Perfil Singular de la convocatoria en los siguientes enlaces:<\/p>\n<p><a href='..\/..\/public\/docs\/1796_2m_bases_generales_3.pdf'>Bases Generales<\/a><\/p>\n<p><a href='..\/..\/public\/docs\/1795_vm_perfil_singular.pdf'>Perfil Singular<\/a><\/p>\n","protected":false},"excerpt":{"rendered":"<p>Finalizado el periodo de inscripci&oacute;n y revisadas las candidaturas recibidas, se procede a publicar el primer listado provisional de las candidaturas aceptadas, excluidas y no v&aacute;lidas, con su correspondiente motivo, para la selecci&oacute;n de un\/a becario\/a para la Unidad de Cultura Cient&iacute;fica y de la Innovaci&oacute;n de la Universidad de La Laguna.<\/p>\n<p>&nbsp;<\/p>\n","protected":false},"author":36,"featured_media":0,"comment_status":"closed","ping_status":"open","sticky":false,"template":"","format":"standard","meta":{"footnotes":""},"categories":[3,8],"tags":[173],"featured_image_thumbnail_url":null,"_links":{"self":[{"href":"https:\/\/fg.ull.es\/hemeroteca\/wp-json\/wp\/v2\/posts\/16435"}],"collection":[{"href":"https:\/\/fg.ull.es\/hemeroteca\/wp-json\/wp\/v2\/posts"}],"about":[{"href":"https:\/\/fg.ull.es\/hemeroteca\/wp-json\/wp\/v2\/types\/post"}],"author":[{"embeddable":true,"href":"https:\/\/fg.ull.es\/hemeroteca\/wp-json\/wp\/v2\/users\/36"}],"replies":[{"embeddable":true,"href":"https:\/\/fg.ull.es\/hemeroteca\/wp-json\/wp\/v2\/comments?post=16435"}],"version-history":[{"count":0,"href":"https:\/\/fg.ull.es\/hemeroteca\/wp-json\/wp\/v2\/posts\/16435\/revisions"}],"wp:attachment":[{"href":"https:\/\/fg.ull.es\/hemeroteca\/wp-json\/wp\/v2\/media?parent=16435"}],"wp:term":[{"taxonomy":"category","embeddable":true,"href":"https:\/\/fg.ull.es\/hemeroteca\/wp-json\/wp\/v2\/categories?post=16435"},{"taxonomy":"post_tag","embeddable":true,"href":"https:\/\/fg.ull.es\/hemeroteca\/wp-json\/wp\/v2\/tags?post=16435"}],"curies":[{"name":"wp","href":"https:\/\/api.w.org\/{rel}","templated":true}]}}