{"id":16430,"date":"2015-03-26T12:11:45","date_gmt":"2015-03-26T12:11:45","guid":{"rendered":"http:\/\/www.fg.ull.es\/?p=16430"},"modified":"2015-03-26T12:11:45","modified_gmt":"2015-03-26T12:11:45","slug":"proximos-cursos-de-gestion-empresarial-administraciones-publicas-y-derecho","status":"publish","type":"post","link":"https:\/\/fg.ull.es\/hemeroteca\/2015\/03\/26\/proximos-cursos-de-gestion-empresarial-administraciones-publicas-y-derecho\/","title":{"rendered":"Pr\u00f3ximos cursos de &#039;Gesti\u00f3n empresarial, administraciones p\u00fablicas y Derecho&#039;"},"content":{"rendered":"<p>La oferta formativa est&aacute; compuesta por tres cursos que estar&aacute;n impartidos por Peraza y Compa&ntilde;&iacute;a Auditores. Se celebrar&aacute;n a finales de abril y principios de mayo. La inscripci&oacute;n se puede realizar a trav&eacute;s de la sede electr&oacute;nica de la Fundaci&oacute;n.<\/p>\n<p><\/p>\n<p>El &Aacute;rea de Formaci&oacute;n de la Fundaci&oacute;n General de la Universidad de La Laguna organiza durante los pr&oacute;ximos meses de abril y mayo tres cursos de la especialidad &lsquo;Gesti&oacute;n empresarial, administraciones p&uacute;blicas y Derecho&rsquo;. Los cursos estar&aacute;n impartidos por Peraza y Compa&ntilde;&iacute;a Auditores, una sociedad de profesionales especializada en la prestaci&oacute;n de servicios de auditor&iacute;a y asesoramiento en las &aacute;reas econ&oacute;mica, financiera, contable y fiscal. Estas actividades formativas abarcar&aacute;n tem&aacute;ticas como el procedimiento concursal, la interpretaci&oacute;n de cuentas anuales y el estudio de Excel para empresas aplicado a casos reales.<\/p>\n<p>La inscripci&oacute;n en estos cursos se puede realizar a trav&eacute;s de la sede electr&oacute;nica de la Fundaci&oacute;n o haciendo clic en los siguientes enlaces:<\/p>\n<ul>\n<li><a href='https:\/\/sede.fg.ull.es\/es\/curso\/detalle\/a15030251\/conocimientos-basicos-para-el-procedimiento-concursal'>Conocimientos b&aacute;sicos para el procedimiento concursal<\/a>. Se impartir&aacute; del 27 al 29 de abril y constar&aacute; de 10 horas de formaci&oacute;n en modalidad mixta, es decir, combinando de manera presencial y online. La parte presencial se celebrar&aacute; los d&iacute;as 27 y 28 de abril en el aula 14 de la Fundaci&oacute;n General de la ULL de 16 a 20 horas. El objetivo de este curso es dar a conocer el concepto b&aacute;sico de &#8216;concurso de acreedores&#8217; y su evoluci&oacute;n a lo lardo del proceso concursal. Para ello, se emplear&aacute; una metodolog&iacute;a que incluir&aacute; actividades pr&aacute;cticas y participaci&oacute;n del alumnado.&nbsp; La inscripci&oacute;n se podr&aacute; realizar hasta el 27 de abril y el curso tiene un precio de 55 euros para el p&uacute;blico en general y de 40 euros para el alumnado ULL, demandantes de empleo y fidelizaci&oacute;n.<\/li>\n<p><\/p>\n<li><a href='https:\/\/sede.fg.ull.es\/es\/curso\/detalle\/a15030250\/interpretacion-de-cuentas-anuales'>Interpretaci&oacute;n de cuentas anuales<\/a>. Se desarrollar&aacute; del 5 al 8 de mayo y constar&aacute; de diez horas de formaci&oacute;n impartidas en modalidad mixta. La parte presencial se celebrar&aacute; los d&iacute;as 5 y 6 de mayo en el aula 14 de la Fundaci&oacute;n General de la ULL en horario de 16 a 20 horas. Es convalidable por 1 ECTS y su objetivo es dar a entender la informaci&oacute;n contenida en las cuentas anuales, as&iacute; como identificar los aspectos m&aacute;s relevantes de la misma que permitan conocer la situaci&oacute;n financiera. Se plantear&aacute;n situaciones que los diversos despachos profesionales deben solucionar en su qu&eacute; hacer diario. La inscripci&oacute;n se podr&aacute; realizar hasta el 5 de mayo y el curso tiene un precio de 55 euros para el p&uacute;blico en general y de 40 euros para el alumnado ULL, demandantes de empleo y fidelizaci&oacute;n.<\/li>\n<\/ul>\n<ul>\n<li><a href='https:\/\/sede.fg.ull.es\/es\/curso\/detalle\/a15030247\/excel-para-empresas-aplicado-a-casos-reales'>Excel para empresas aplicado a casos reales<\/a>. Tendr&aacute; lugar del 11 al 15 de mayo y constar&aacute; de veinte horas de formaci&oacute;n impartidas en modalidad mixta. Es convalidable por 2 ECTS y las clases presenciales se impartir&aacute;n los d&iacute;as 11, 12, 13 y 14 de mayo&nbsp; en el aula 8 de la Fundaci&oacute;n General de la ULL, de 16 a 20 horas. Sus objetivos son: operar con el programa Excel de forma que se facilite la gesti&oacute;n integrada de la actividad empresarial y &nbsp;seleccionar, valorar, utilizar canales, fuentes de informaci&oacute;n y formaci&oacute;n relacionadas con el ejercicio de la profesi&oacute;n. La metodolog&iacute;a de aprendizaje se realizar&aacute; a trav&eacute;s de actividades que faciliten el autoaprendizaje, combinadas con casos pr&aacute;cticos basados en la realidad empresarial. La inscripci&oacute;n se podr&aacute; realizar hasta el mismo d&iacute;a 11 de mayo y el curso tiene un precio de 75 euros para el p&uacute;blico en general y de 50 euros para el alumnado ULL, demandantes de empleo y fidelizaci&oacute;n.<\/li>\n<\/ul>\n<ul>\n<\/ul>\n<p><a href='http:\/\/fg.ull.es\/catalogoformativo\/'>(Toda la informaci&oacute;n sobre nuestros cursos aqu&iacute;)<\/a><\/p>\n","protected":false},"excerpt":{"rendered":"<p>La oferta formativa est&aacute; compuesta por tres cursos que estar&aacute;n impartidos por Peraza y Compa&ntilde;&iacute;a Auditores. Se celebrar&aacute;n a finales de abril y principios de mayo. La inscripci&oacute;n se puede realizar a trav&eacute;s de la sede electr&oacute;nica de la Fundaci&oacute;n.<\/p>\n","protected":false},"author":36,"featured_media":16429,"comment_status":"closed","ping_status":"open","sticky":false,"template":"","format":"standard","meta":{"footnotes":""},"categories":[5],"tags":[173,425,672,1353,1424],"featured_image_thumbnail_url":"https:\/\/fg.ull.es\/hemeroteca\/wp-content\/uploads\/sites\/14\/2015\/04\/2849_xs_cursos_gestion_empresarial-300x212.jpg","_links":{"self":[{"href":"https:\/\/fg.ull.es\/hemeroteca\/wp-json\/wp\/v2\/posts\/16430"}],"collection":[{"href":"https:\/\/fg.ull.es\/hemeroteca\/wp-json\/wp\/v2\/posts"}],"about":[{"href":"https:\/\/fg.ull.es\/hemeroteca\/wp-json\/wp\/v2\/types\/post"}],"author":[{"embeddable":true,"href":"https:\/\/fg.ull.es\/hemeroteca\/wp-json\/wp\/v2\/users\/36"}],"replies":[{"embeddable":true,"href":"https:\/\/fg.ull.es\/hemeroteca\/wp-json\/wp\/v2\/comments?post=16430"}],"version-history":[{"count":0,"href":"https:\/\/fg.ull.es\/hemeroteca\/wp-json\/wp\/v2\/posts\/16430\/revisions"}],"wp:featuredmedia":[{"embeddable":true,"href":"https:\/\/fg.ull.es\/hemeroteca\/wp-json\/wp\/v2\/media\/16429"}],"wp:attachment":[{"href":"https:\/\/fg.ull.es\/hemeroteca\/wp-json\/wp\/v2\/media?parent=16430"}],"wp:term":[{"taxonomy":"category","embeddable":true,"href":"https:\/\/fg.ull.es\/hemeroteca\/wp-json\/wp\/v2\/categories?post=16430"},{"taxonomy":"post_tag","embeddable":true,"href":"https:\/\/fg.ull.es\/hemeroteca\/wp-json\/wp\/v2\/tags?post=16430"}],"curies":[{"name":"wp","href":"https:\/\/api.w.org\/{rel}","templated":true}]}}