{"id":16427,"date":"2015-03-26T11:10:03","date_gmt":"2015-03-26T11:10:03","guid":{"rendered":"http:\/\/www.fg.ull.es\/?p=16427"},"modified":"2015-03-26T11:10:03","modified_gmt":"2015-03-26T11:10:03","slug":"la-undecima-pildora-formativa-de-emprende-ull-conto-con-la-asistencia-de-dieciocho-personas","status":"publish","type":"post","link":"https:\/\/fg.ull.es\/hemeroteca\/2015\/03\/26\/la-undecima-pildora-formativa-de-emprende-ull-conto-con-la-asistencia-de-dieciocho-personas\/","title":{"rendered":"La und\u00e9cima p\u00edldora formativa de Emprende.ull cont\u00f3 con la asistencia de dieciocho personas"},"content":{"rendered":"<p>Esta nueva sesi&oacute;n del ciclo de p&iacute;ldoras formativas de la Unidad de Emprendimiento de la Fundaci&oacute;n General de la ULL tuvo lugar ayer, 25 de marzo. Estuvo dedicada al marco tributario del emprendimiento y corri&oacute; a cargo de Ram&oacute;n Mendoza Torres, socio consultor en Garo&eacute; Travis S.L.<\/p>\n<p><\/p>\n<p>La und&eacute;cima sesi&oacute;n del ciclo de p&iacute;ldoras formativas de Emprende.ull se celebr&oacute; ayer, 25 de marzo, en su horario habitual, de 16:30 a 19:30 horas, en el aulario de la Fundaci&oacute;n General de la ULL. La actividad fue totalmente gratuita y estuvo dedicada a introducir a las personas asistentes en el marco tributario del emprendimiento.<\/p>\n<p>Estuvo impartida por Ram&oacute;n Mendoza Torres, socio consultor en Garo&eacute; Travis S.L, que fue el encargado de profundizar en conceptos fiscales como los tipos impositivos, las retenciones, el IRPF, el IGIC, el IAE, los modelos tributarios, etc. Y es que, las obligaciones legales a las que est&aacute; sujeta la persona emprendedora no siempre son las mismas.<\/p>\n<p>El objetivo de esta formaci&oacute;n fue que las personas con inquietudes emprendedoras conocieran el marco tributario relacionado con el ejercicio de actividades econ&oacute;micas. Para ello, se les present&oacute; una perspectiva global que les result&oacute; &uacute;til en la planificaci&oacute;n y formulaci&oacute;n de su proyecto de emprendimiento.<\/p>\n<p>La sesi&oacute;n se bas&oacute; en una metodolog&iacute;a eminentemente pr&aacute;ctica, para proporcionar a los\/as potenciales emprendedores\/as las competencias y herramientas necesarias para el desarrollo de su actividad.<\/p>\n<p><a href='http:\/\/fg.ull.es\/emprendeull\/ciclo-de-pildoras-formativas\/'>(M&aacute;s informaci&oacute;n sobre las siguientes p&iacute;ldoras formativas aqu&iacute;)<\/a><\/p>\n","protected":false},"excerpt":{"rendered":"<p>Esta nueva sesi&oacute;n del ciclo de p&iacute;ldoras formativas de la Unidad de Emprendimiento de la Fundaci&oacute;n General de la ULL tuvo lugar ayer, 25 de marzo. Estuvo dedicada al marco tributario del emprendimiento y corri&oacute; a cargo de Ram&oacute;n Mendoza Torres, socio consultor en Garo&eacute; Travis S.L.<\/p>\n","protected":false},"author":36,"featured_media":16426,"comment_status":"closed","ping_status":"open","sticky":false,"template":"","format":"standard","meta":{"footnotes":""},"categories":[3],"tags":[173,533,541,672,1353,1424],"featured_image_thumbnail_url":"https:\/\/fg.ull.es\/hemeroteca\/wp-content\/uploads\/sites\/14\/2015\/04\/2848_u2_dsc_0011-300x201.jpg","_links":{"self":[{"href":"https:\/\/fg.ull.es\/hemeroteca\/wp-json\/wp\/v2\/posts\/16427"}],"collection":[{"href":"https:\/\/fg.ull.es\/hemeroteca\/wp-json\/wp\/v2\/posts"}],"about":[{"href":"https:\/\/fg.ull.es\/hemeroteca\/wp-json\/wp\/v2\/types\/post"}],"author":[{"embeddable":true,"href":"https:\/\/fg.ull.es\/hemeroteca\/wp-json\/wp\/v2\/users\/36"}],"replies":[{"embeddable":true,"href":"https:\/\/fg.ull.es\/hemeroteca\/wp-json\/wp\/v2\/comments?post=16427"}],"version-history":[{"count":0,"href":"https:\/\/fg.ull.es\/hemeroteca\/wp-json\/wp\/v2\/posts\/16427\/revisions"}],"wp:featuredmedia":[{"embeddable":true,"href":"https:\/\/fg.ull.es\/hemeroteca\/wp-json\/wp\/v2\/media\/16426"}],"wp:attachment":[{"href":"https:\/\/fg.ull.es\/hemeroteca\/wp-json\/wp\/v2\/media?parent=16427"}],"wp:term":[{"taxonomy":"category","embeddable":true,"href":"https:\/\/fg.ull.es\/hemeroteca\/wp-json\/wp\/v2\/categories?post=16427"},{"taxonomy":"post_tag","embeddable":true,"href":"https:\/\/fg.ull.es\/hemeroteca\/wp-json\/wp\/v2\/tags?post=16427"}],"curies":[{"name":"wp","href":"https:\/\/api.w.org\/{rel}","templated":true}]}}