{"id":16413,"date":"2015-03-25T10:16:24","date_gmt":"2015-03-25T10:16:24","guid":{"rendered":"http:\/\/www.fg.ull.es\/?p=16413"},"modified":"2015-03-25T10:16:24","modified_gmt":"2015-03-25T10:16:24","slug":"se-presenta-la-ii-edicion-del-concurso-de-divulgacion-cientifica-cienciull-dirigido-a-jovenes-investigadores-de-la-ull","status":"publish","type":"post","link":"https:\/\/fg.ull.es\/hemeroteca\/2015\/03\/25\/se-presenta-la-ii-edicion-del-concurso-de-divulgacion-cientifica-cienciull-dirigido-a-jovenes-investigadores-de-la-ull\/","title":{"rendered":"Se presenta la II edici\u00f3n del &#039;Concurso de divulgaci\u00f3n cient\u00edfica Cienci@ULL&#039; dirigido a j\u00f3venes investigadores de la ULL"},"content":{"rendered":"<p>Los\/as&nbsp; investigadores\/as deber&aacute;n elaborar sus propios v&iacute;deos para mostrar la actividad investigadora que desarrollan de forma cercana y comprensible a la sociedad. El plazo para participar en este certamen estar&aacute; abierto hasta el pr&oacute;ximo 1 de junio y la&nbsp;inscripci&oacute;n&nbsp;se ha de formalizar a&nbsp;trav&eacute;s de la p&aacute;gina web de Cienci@ULL.<\/p>\n<p><\/p>\n<p>Por segundo a&ntilde;o consecutivo la Universidad de La Laguna y su Fundaci&oacute;n General, a trav&eacute;s de su Unidad de Cultura Cient&iacute;fica y de la Innovaci&oacute;n, Cienci@ULL, convocan el &ldquo;Concurso de Divulgaci&oacute;n Cient&iacute;fica Cienci@ULL&rdquo; en el que se anima a la comunidad de j&oacute;venes investigadores\/as de la instituci&oacute;n acad&eacute;mica a crear piezas audiovisuales para dar a conocer su actividad investigadora. La premisa para crear estos v&iacute;deos es que deben cumplir el objetivo de mantener un car&aacute;cter divulgador, es decir, deben presentar los contenidos en un lenguaje sencillo y f&aacute;cilmente comprensible para todos los p&uacute;blicos. Se busca sensibilizar a la comunidad cient&iacute;fica sobre la importancia de acercar sus avances y resultados a la sociedad canaria. En esta edici&oacute;n, de forma novedosa, se cuenta con la colaboraci&oacute;n del servicio audiovisual de la Universidad de La Laguna, ULLMedia.<\/p>\n<p>El plazo de inscripci&oacute;n estar&aacute; abierto hasta el pr&oacute;ximo 1 de junio y deber&aacute; realizarse a trav&eacute;s de la web de la Unidad (<a href='http:\/\/ciencia.fg.ull.es\/concursos\/'>http:\/\/ciencia.fg.ull.es\/concursos\/<\/a>). Podr&aacute; participar alumnado universitario que est&eacute; cursando estudios de doctorado en la Universidad de La Laguna, tanto de forma individual como colectiva, y el formato y duraci&oacute;n son libres. Se establecen dos premios de ochocientos y doscientos euros respectivamente que deber&aacute;n emplearse en materiales o en estancias para el desarrollo de la labor investigadora; se crear&aacute; una comisi&oacute;n de evaluaci&oacute;n para determinar cu&aacute;les son los dos v&iacute;deos ganadores.<\/p>\n<p>Este concurso se enmarca en el programa de actividades dirigidas a promover la cultura cient&iacute;fica en la sociedad canaria que se organizan desde Unidad de Cultura Cient&iacute;fica y de la Innovaci&oacute;n, Cienci@ULL. Uno de los objetivos de esta Unidad es dar a conocer de primera mano la actividad investigadora que se desarrolla en los diferentes departamentos y estructuras cient&iacute;ficas de la Universidad. Concretamente el concurso pertenece al Programa para Fomento de las Vocaciones Cient&iacute;ficas y Profesionales del Alumnado de la Isla de Tenerife 2015. Una iniciativa promovida por la Universidad de La laguna y su Fundaci&oacute;n General y co-financiada por el Cabildo Insular de Tenerife a trav&eacute;s de su &Aacute;rea de Educaci&oacute;n, Juventud e Igualdad.<\/p>\n<p>Una vez finalizado el certamen los v&iacute;deos recibidos se usar&aacute;n como material de divulgaci&oacute;n dentro de este programa.<\/p>\n<p>&nbsp;<\/p>\n","protected":false},"excerpt":{"rendered":"<p>Los\/as&nbsp; investigadores\/as deber&aacute;n elaborar sus propios v&iacute;deos para mostrar la actividad investigadora que desarrollan de forma cercana y comprensible a la sociedad. El plazo para participar en este certamen estar&aacute; abierto hasta el pr&oacute;ximo 1 de junio y la&nbsp;inscripci&oacute;n&nbsp;se ha de formalizar a&nbsp;trav&eacute;s de la p&aacute;gina web de Cienci@ULL.<\/p>\n","protected":false},"author":36,"featured_media":16412,"comment_status":"closed","ping_status":"open","sticky":false,"template":"","format":"standard","meta":{"footnotes":""},"categories":[8],"tags":[173,339,862,1353,1424],"featured_image_thumbnail_url":"https:\/\/fg.ull.es\/hemeroteca\/wp-content\/uploads\/sites\/14\/2015\/04\/2844_cd_pantalla_1280x720px-300x169.jpg","_links":{"self":[{"href":"https:\/\/fg.ull.es\/hemeroteca\/wp-json\/wp\/v2\/posts\/16413"}],"collection":[{"href":"https:\/\/fg.ull.es\/hemeroteca\/wp-json\/wp\/v2\/posts"}],"about":[{"href":"https:\/\/fg.ull.es\/hemeroteca\/wp-json\/wp\/v2\/types\/post"}],"author":[{"embeddable":true,"href":"https:\/\/fg.ull.es\/hemeroteca\/wp-json\/wp\/v2\/users\/36"}],"replies":[{"embeddable":true,"href":"https:\/\/fg.ull.es\/hemeroteca\/wp-json\/wp\/v2\/comments?post=16413"}],"version-history":[{"count":0,"href":"https:\/\/fg.ull.es\/hemeroteca\/wp-json\/wp\/v2\/posts\/16413\/revisions"}],"wp:featuredmedia":[{"embeddable":true,"href":"https:\/\/fg.ull.es\/hemeroteca\/wp-json\/wp\/v2\/media\/16412"}],"wp:attachment":[{"href":"https:\/\/fg.ull.es\/hemeroteca\/wp-json\/wp\/v2\/media?parent=16413"}],"wp:term":[{"taxonomy":"category","embeddable":true,"href":"https:\/\/fg.ull.es\/hemeroteca\/wp-json\/wp\/v2\/categories?post=16413"},{"taxonomy":"post_tag","embeddable":true,"href":"https:\/\/fg.ull.es\/hemeroteca\/wp-json\/wp\/v2\/tags?post=16413"}],"curies":[{"name":"wp","href":"https:\/\/api.w.org\/{rel}","templated":true}]}}