{"id":16402,"date":"2015-03-24T13:47:14","date_gmt":"2015-03-24T13:47:14","guid":{"rendered":"http:\/\/www.fg.ull.es\/?p=16402"},"modified":"2015-03-24T13:47:14","modified_gmt":"2015-03-24T13:47:14","slug":"el-pctt-de-cuevas-blancas-fortalecera-los-vinculos-entre-la-ciencia-la-tecnologia-y-las-empresas","status":"publish","type":"post","link":"https:\/\/fg.ull.es\/hemeroteca\/2015\/03\/24\/el-pctt-de-cuevas-blancas-fortalecera-los-vinculos-entre-la-ciencia-la-tecnologia-y-las-empresas\/","title":{"rendered":"El PCTT de Cuevas Blancas fortalecer\u00e1 los v\u00ednculos entre la ciencia, la tecnolog\u00eda y las empresas"},"content":{"rendered":"<p>Su principal objetivo est&aacute; enfocado a la creaci&oacute;n de empleo y cuenta con un presupuesto de casi 15 millones de euros.<\/p>\n<p><\/p>\n<p>El presidente del Cabildo, Carlos Alonso, ha destacado que el principal objetivo de este importante proyecto impulsado por el Cabildo, que cuenta con un presupuesto de casi 15 millones de euros, ser&aacute; la creaci&oacute;n de empleo y la dinamizaci&oacute;n econ&oacute;mica de la Isla, al tiempo que pretende ser un punto de encuentro donde se establezcan v&iacute;nculos entre la ciencia y la empresa. &#8216;Posteriormente nuestro objetivo ser&aacute; ser capaces de culminar el proceso de transferencia a la sociedad para atraer a empresas que generen empleo cualificado&#8217;, ha subrayado Alonso.<\/p>\n<p>Para el alcalde de Santa Cruz, Jos&eacute; Manuel Berm&uacute;dez, este proyecto es esencial para Santa Cruz &#8216;porque se crear&aacute;n unos 3.000 puestos de trabajo ligados a estas empresas&#8217;. Berm&uacute;dez ha se&ntilde;alado que el Parque Cient&iacute;fico y Tecnol&oacute;gico de Cuevas Blancas se suma as&iacute; a otros proyectos estrat&eacute;gicos para la ciudad &#8216;como el enlace puerto-ciudad, los terrenos de la D&aacute;rsena Pesquera y la recuperaci&oacute;n de la inversi&oacute;n p&uacute;blica y privada para Santa Cruz&#8217;.<\/p>\n<p>El director de la Agencia Canaria de Investigaci&oacute;n, Innovaci&oacute;n y Sociedad de la Informaci&oacute;n, Juan Ruiz Alzola, se ha referido a la g&eacute;nesis &#8216;larga y compleja&#8217; de este proyecto, cuyo fin &uacute;ltimo no es s&oacute;lo la obra sino &#8216;crear sinergias entre empresas tecnol&oacute;gicas o basadas en el conocimiento&#8217;.<\/p>\n<p>El Parque Cient&iacute;fico y Tecnol&oacute;gico de Cuevas Blancas ser&aacute; un parque multisectorial, de forma que las distintas &aacute;reas no trabajar&aacute;n de forma independiente sino que se interrelacionar&aacute;n entre s&iacute;, favoreciendo la cooperaci&oacute;n entre los diferentes sistemas y agentes cient&iacute;ficos, tecnol&oacute;gicos y empresariales. Al mismo tiempo, beneficiar&aacute; la transferencia de conocimiento, desarrollando actuaciones transversales dirigidas a la innovaci&oacute;n y nuevas tecnolog&iacute;as de m&aacute;s alto nivel.<\/p>\n<p>El consejero insular de Econom&iacute;a, Competitividad e Innovaci&oacute;n, Antonio Garc&iacute;a Marichal, ha explicado que las obras de urbanizaci&oacute;n&nbsp; comenzaron en enero del a&ntilde;o pasado y concluir&aacute;n el pr&oacute;ximo mes de octubre. Marichal ha adelantado que el Cabildo est&aacute; ahora evaluando las propuestas para la construcci&oacute;n del nuevo edificio que ser&aacute; sede del PCTT, que tendr&aacute; que estar finalizado en diciembre de 2016.<\/p>\n<p>Con una extensi&oacute;n de 262.700 metros cuadrados, la edificaci&oacute;n se realizar&aacute; en colaboraci&oacute;n con la Agencia Canaria de Investigaci&oacute;n, Innovaci&oacute;n y Sociedad de la Informaci&oacute;n (ACIISI) del Gobierno de Canarias y desarrollar&aacute; cuatro &aacute;reas de conocimiento:<\/p>\n<p>&#8211; Ciencias de la Tierra y del Cielo: astronom&iacute;a, astrof&iacute;sica, medio ambiente, energ&iacute;as&nbsp; renovables, sostenibilidad en la construcci&oacute;n y recursos h&iacute;dricos .<\/p>\n<p>&#8211; Salud y Biotecnolog&iacute;a: biotecnolog&iacute;a, biomedicina, ciencias de la salud, ciencias farmac&eacute;uticas e ingenier&iacute;a gen&eacute;tica.<\/p>\n<p>&#8211; Tecnolog&iacute;as de la Informaci&oacute;n y las Comunicaciones (TIC&acute;s): telecomunicaciones, inform&aacute;tica, software, producci&oacute;n de contenidos digitales, producci&oacute;n audiovisual.<\/p>\n<p>&#8211; Innovaci&oacute;n en el Turismo.<\/p>\n<p>El Cabildo ha querido dar un car&aacute;cter diferenciador a este proyecto, potenciando las zonas verdes y la movilidad peatonal. Tambi&eacute;n se ha decidido hacer uso en las aceras de un pavimento especial que crea un entorno m&aacute;s saludable y con un menor grado de poluci&oacute;n.<\/p>\n<p>&nbsp;<strong>Servicios de telecomunicaciones de banda ancha<\/strong><\/p>\n<p>El enclave del PCTT de Cuevas Blancas estar&aacute; dotado de red de telecomunicaciones por banda ancha, gracias a la instalaci&oacute;n de redes de fibra &oacute;ptica que servir&aacute;n de incentivo para la atracci&oacute;n de&nbsp; empresas de base tecnol&oacute;gica y aumentar&aacute; la oferta de servicios de la sociedad gestora. Asimismo, tendr&aacute; conexi&oacute;n directa al data center D-Alix a trav&eacute;s del anillo insular terrestre de fibra &oacute;ptica.<\/p>\n<p>Adem&aacute;s, el Parque Cient&iacute;fico y Tecnol&oacute;gico de Tenerife cuenta con otro enclave en La Laguna vinculado a actividades de investigaci&oacute;n de la Universidad de La Laguna.<\/p>\n<p>Ambas actuaciones, que en global supondr&aacute;n una inversi&oacute;n de 28,5 millones de euros, cuentan con la financiaci&oacute;n del Gobierno de Canarias, a trav&eacute;s de la Agencia Canaria de Investigaci&oacute;n, Innovaci&oacute;n y Sociedad de la Informaci&oacute;n (ACIISI) (prefinanciado mediante pr&eacute;stamo del Ministerio de Ciencia e Innovaci&oacute;n) y est&aacute;n cofinanciadas en un 85% por el Fondo Europeo de Desarrollo Regional (FEDER) en el marco del Programa Operativo Canarias 2007-2013, Eje 1 Tema Prioritario 2.<\/p>\n<p>*Nota y foto cedidas<\/p>\n","protected":false},"excerpt":{"rendered":"<p>Su principal objetivo est&aacute; enfocado a la creaci&oacute;n de empleo y cuenta con un presupuesto de casi 15 millones de euros.<\/p>\n","protected":false},"author":36,"featured_media":16401,"comment_status":"closed","ping_status":"open","sticky":false,"template":"","format":"standard","meta":{"footnotes":""},"categories":[8],"tags":[173,821,1353],"featured_image_thumbnail_url":"https:\/\/fg.ull.es\/hemeroteca\/wp-content\/uploads\/sites\/14\/2015\/04\/2841_jn_pcttcuevasblancas-300x200.jpg","_links":{"self":[{"href":"https:\/\/fg.ull.es\/hemeroteca\/wp-json\/wp\/v2\/posts\/16402"}],"collection":[{"href":"https:\/\/fg.ull.es\/hemeroteca\/wp-json\/wp\/v2\/posts"}],"about":[{"href":"https:\/\/fg.ull.es\/hemeroteca\/wp-json\/wp\/v2\/types\/post"}],"author":[{"embeddable":true,"href":"https:\/\/fg.ull.es\/hemeroteca\/wp-json\/wp\/v2\/users\/36"}],"replies":[{"embeddable":true,"href":"https:\/\/fg.ull.es\/hemeroteca\/wp-json\/wp\/v2\/comments?post=16402"}],"version-history":[{"count":0,"href":"https:\/\/fg.ull.es\/hemeroteca\/wp-json\/wp\/v2\/posts\/16402\/revisions"}],"wp:featuredmedia":[{"embeddable":true,"href":"https:\/\/fg.ull.es\/hemeroteca\/wp-json\/wp\/v2\/media\/16401"}],"wp:attachment":[{"href":"https:\/\/fg.ull.es\/hemeroteca\/wp-json\/wp\/v2\/media?parent=16402"}],"wp:term":[{"taxonomy":"category","embeddable":true,"href":"https:\/\/fg.ull.es\/hemeroteca\/wp-json\/wp\/v2\/categories?post=16402"},{"taxonomy":"post_tag","embeddable":true,"href":"https:\/\/fg.ull.es\/hemeroteca\/wp-json\/wp\/v2\/tags?post=16402"}],"curies":[{"name":"wp","href":"https:\/\/api.w.org\/{rel}","templated":true}]}}